{"id":1521,"date":"2022-08-29T16:05:25","date_gmt":"2022-08-29T16:05:25","guid":{"rendered":"https:\/\/minutaregional.cl\/?p=1521"},"modified":"2022-08-29T16:05:58","modified_gmt":"2022-08-29T16:05:58","slug":"region-ya-tiene-representantes-en-tenis-de-mesa-para-final-de-los-juegos-escolares","status":"publish","type":"post","link":"https:\/\/minutaregional.cl\/?p=1521","title":{"rendered":"Regi\u00f3n ya tiene representantes en tenis de mesa para final de los Juegos Escolares"},"content":{"rendered":"<p style=\"text-align: justify;\">Tenimesistas de diferentes colegios de la regi\u00f3n se dieron cita en el Gimnasio Municipal de Canela, \u00a0para disputar este s\u00e1bado 27 de agosto, la final regional de tenis de mesa, enmarcado en los Juegos Deportivos Escolares organizados por IND y Mindep Coquimbo, apoyado por el Municipio de Canela.<\/p>\n<p>Cerca de 37 jugadores disputaron campeonato de la \u00a0categor\u00eda sub 14 ( damas y varones) y ser\u00e1n los representantes de la regi\u00f3n \u00a0en la final nacional del tenis de mesa de los Juegos Deportivos Escolares, la cual se disputar\u00e1 entre el 3 y 7 de octubre en la ciudad de Villarrica, regi\u00f3n de la Araucan\u00eda.<\/p>\n<p>Tras la jornada, la selecci\u00f3n local estar\u00e1 conformada en damas por \u00c1mbar Araya Toledo del colegio Amalia Err\u00e1zuriz de Ovalle (primer lugar sub 14) y Trinidad Caballero Past\u00e9n , del Liceo Municipal Polivalente de Salamanca (segundo lugar). La ovallina derrot\u00f3 a su similar en 3 set a 0 , con parciales de 11-2, 11-8 y 11-8.<\/p>\n<p>En tanto en varones, \u00a0Jean M\u00e1rquez, del Liceo Polit\u00e9cnico Pablo Rodr\u00edguez de Illapel se qued\u00f3 con el primer lugar, al vencer por 3 a 2 set a Daniel Ruiz del Liceo Alejandro \u00c1lvarez Jofr\u00e9 de Ovalle, con parciales de 5-11, 9-11, 13-11, 11-8 y 11-9.<\/p>\n<p>Tras consagrarse campeona regional sub 14, \u00c1mbar Araya se\u00f1al\u00f3 :\u00a0<b><i>\u201cPara m\u00ed, al menos en mi nivel, fue f\u00e1cil, aunque en algunos momentos se me complic\u00f3, pero tengo expectativas mucho m\u00e1s alta, para ganar y \u00a0que van m\u00e1s all\u00e1 que \u00a0un regional, entonces para m\u00ed , era \u00a0m\u00e1s que una obligaci\u00f3n ganar el regional, \u00a0para preparar el nacional tengo planificado viajes,\u00a0 ahora a Per\u00fa y a Melipilla, all\u00e1 es la Asociaci\u00f3n de nosotros \u00a0y luego entrenar todos los d\u00edas\u201d.<\/i><\/b><\/p>\n<p>Por su parte Jean M\u00e1rquez agrega:<b><i>\u00a0\u201cla experiencia que tuve hoy d\u00eda fue muy motivadora me sent\u00ed feliz \u00a0los rivales bien, fue\u00a0 muy dif\u00edcil \u00a0al \u00faltimo, pienso prepararme bien para el nacional y puedo dar lo mejor, voy a tratar, \u00a0voy a dar todo lo posible para ganar\u201d.<\/i><\/b><\/p>\n<p>En tanto el alcalde de Canela \u00a0Bernardo Leyton , comuna que alberg\u00f3 la final, agreg\u00f3 :\u00a0<b><i>\u00abEstamos en el gimnasio de la comuna de Canela, estamos contentos, \u00a0que tal como en algunos d\u00edas atr\u00e1s, \u00a0se realiz\u00f3 el encuentro regional de ajedrez, \u00a0hoy estamos en el encuentro regional escolar de tenis de mesa, \u00a0estamos muy contentos por las delegaciones que nos acompa\u00f1an y tambi\u00e9n, \u00a0por el apoyo que hemos \u00a0recibido por parte del IND, \u00a0y que adem\u00e1s nos haya elegido, \u00a0como comuna anfitriona de este torneo regional escolar\u00bb.<\/i><\/b><\/p>\n<p>Finalmente el Seremi del Deporte Fernando Medina Vergara, puntualiz\u00f3 :\u00a0<b><i>\u00abQueremos felicitar a todos los participantes est\u00e1n retomando las iniciativas competitivas, en la regi\u00f3n y les deseamos lo mejor, a todos nuestros deportistas, \u00a0que nos representan, \u00a0para que les vaya fant\u00e1stico de hoy en adelante, esta es una de las instancias deportivas, que se est\u00e1 abriendo, para que los deportistas, \u00a0especialmente el nivel de los \u00a0escolares, retomen la iniciativa y se habr\u00e1n nuevos espacios y nuevas oportunidades de participar con \u00e9xito para todos y todas\u201d. \u00a0<\/i><\/b><\/p>\n<div style=\"text-align: justify;\">Para la pr\u00f3xima semana , ya se encuentran programadas las finales regionales de futsal, a disputarse en el Polideportivo \u00c1ngel Marentis de Ovalle y el regional de voleibol, que se jugar\u00e1 en el Gimnasio de Tierras Blancas, ambos eventos se realizar\u00e1n el mi\u00e9rcoles 31 de agosto, desde las 10.00 horas.<\/div>\n","protected":false},"excerpt":{"rendered":"<p>Tenimesistas de diferentes colegios de la regi\u00f3n se dieron cita en el Gimnasio Municipal de Canela, \u00a0para disputar este s\u00e1bado 27 de agosto, la final regional de tenis de mesa, enmarcado en los Juegos Deportivos Escolares organizados por IND y Mindep Coquimbo, apoyado por el Municipio de Canela. Cerca de<\/p>\n","protected":false},"author":1,"featured_media":1522,"comment_status":"closed","ping_status":"open","sticky":false,"template":"","format":"standard","meta":{"footnotes":""},"categories":[37,1],"tags":[],"class_list":["post-1521","post","type-post","status-publish","format-standard","has-post-thumbnail","hentry","category-ind-coquimbo","category-noticias-regionales"],"_links":{"self":[{"href":"https:\/\/minutaregional.cl\/index.php?rest_route=\/wp\/v2\/posts\/1521","targetHints":{"allow":["GET"]}}],"collection":[{"href":"https:\/\/minutaregional.cl\/index.php?rest_route=\/wp\/v2\/posts"}],"about":[{"href":"https:\/\/minutaregional.cl\/index.php?rest_route=\/wp\/v2\/types\/post"}],"author":[{"embeddable":true,"href":"https:\/\/minutaregional.cl\/index.php?rest_route=\/wp\/v2\/users\/1"}],"replies":[{"embeddable":true,"href":"https:\/\/minutaregional.cl\/index.php?rest_route=%2Fwp%2Fv2%2Fcomments&post=1521"}],"version-history":[{"count":3,"href":"https:\/\/minutaregional.cl\/index.php?rest_route=\/wp\/v2\/posts\/1521\/revisions"}],"predecessor-version":[{"id":1525,"href":"https:\/\/minutaregional.cl\/index.php?rest_route=\/wp\/v2\/posts\/1521\/revisions\/1525"}],"wp:featuredmedia":[{"embeddable":true,"href":"https:\/\/minutaregional.cl\/index.php?rest_route=\/wp\/v2\/media\/1522"}],"wp:attachment":[{"href":"https:\/\/minutaregional.cl\/index.php?rest_route=%2Fwp%2Fv2%2Fmedia&parent=1521"}],"wp:term":[{"taxonomy":"category","embeddable":true,"href":"https:\/\/minutaregional.cl\/index.php?rest_route=%2Fwp%2Fv2%2Fcategories&post=1521"},{"taxonomy":"post_tag","embeddable":true,"href":"https:\/\/minutaregional.cl\/index.php?rest_route=%2Fwp%2Fv2%2Ftags&post=1521"}],"curies":[{"name":"wp","href":"https:\/\/api.w.org\/{rel}","templated":true}]}}