{"id":1504,"date":"2022-08-28T18:40:10","date_gmt":"2022-08-28T18:40:10","guid":{"rendered":"https:\/\/minutaregional.cl\/?p=1504"},"modified":"2022-08-28T18:40:10","modified_gmt":"2022-08-28T18:40:10","slug":"consejeros-regionales-plantearon-sus-principales-inquietudes-en-encuentro-con-subsecretario-de-desarrollo-regional-y-alcaldes","status":"publish","type":"post","link":"https:\/\/minutaregional.cl\/?p=1504","title":{"rendered":"Consejeros Regionales Plantearon sus Principales Inquietudes en encuentro con Subsecretario de Desarrollo Regional y Alcaldes"},"content":{"rendered":"<p style=\"text-align: justify;\">La cita fue en la Biblioteca Regional Gabriela Mistral, donde se realiz\u00f3 el Primer Encuentro de Desarrollo Regional. El Subsecretario Miguel Crispi atendi\u00f3 las principales problem\u00e1ticas y desaf\u00edos para los territorios.<\/p>\n<p style=\"text-align: justify;\">Una importante instancia de descentralizaci\u00f3n se desarroll\u00f3 esta semana en la Regi\u00f3n de Coquimbo. Se trata del Primer Encuentro de Desarrollo Regional, del que participaron alcaldes y autoridades regionales para transmitir al Subsecretario de Desarrollo Regional, Miguel Crispi, las principales problem\u00e1ticas, necesidades y desaf\u00edos de las 15 comunas.<\/p>\n<p style=\"text-align: justify;\">Instancia de la que participaron las y los consejeros regionales Ximena Ampuero, Tatiana Castillo, Francisco Mart\u00ednez y Lombardo Toledo quienes, en representaci\u00f3n del cuerpo colegiado, transmitieron al representante del gobierno central los requerimientos territoriales que hoy se abordan a trav\u00e9s de las diferentes comisiones del ente regional.<\/p>\n<p style=\"text-align: justify;\">La contrataci\u00f3n de profesionales en las diversas \u00e1reas t\u00e9cnicas de los municipios y entidades relacionadas a la revisi\u00f3n de proyectos fue uno de los temas planteados por el consejero y vicepresidente de R\u00e9gimen Interno, Francisco Mart\u00ednez, pues su escasez hoy limitar\u00eda la ejecuci\u00f3n de proyectos en la zona.<\/p>\n<p style=\"text-align: justify;\">\u201cNecesitamos todo el apoyo y la transparencia para sacar adelante la ejecuci\u00f3n presupuestaria, donde aprovecho de agradecer al Delegado la presentaci\u00f3n de una cartera de apoyo para esto. Lamentablemente hoy nuestra ejecuci\u00f3n presupuestaria es de un 15,7% y no nos queda nada del a\u00f1o ya. Necesitamos todo el apoyo para que el presupuesto del otro a\u00f1o no sea menor que el actual\u201d, enfatiz\u00f3 Mart\u00ednez.<\/p>\n<p style=\"text-align: justify;\">Por su parte, la consejera Ximena Ampuero, presidenta de la comisi\u00f3n de Salud y Deportes, puso acento en el trabajo colaborativo y di\u00e1logo permanente que se requiere para la generaci\u00f3n de pol\u00edticas p\u00fablicas.<\/p>\n<p style=\"text-align: justify;\">Lamentando la ausencia de la gobernadora en el encuentro, la consejera se\u00f1al\u00f3 que \u201chace unos d\u00edas en San Pedro de Atacama vimos al gobernador sentado conversando con los otros consejeros regionales y la ausencia de nuestra autoridad regional aqu\u00ed se entiende como que no podemos trabajar en conjunto, teniendo una ejecuci\u00f3n presupuestaria del 15,7%. Hoy lo que necesitamos es ayuda\u201d.<\/p>\n<p style=\"text-align: justify;\">La consejera Ampuero agradeci\u00f3 la colaboraci\u00f3n por parte de la delegaci\u00f3n presidencial, y destac\u00f3 adem\u00e1s el ejercicio permanente del Consejo Regional de ir a terreno, mantener di\u00e1logo con alcaldes y la comunidad, trabajando en las carteras de proyectos y conociendo las prioridades territoriales. Particularmente se refiri\u00f3 al convenio GORE &#8211; MINSAL, que hoy est\u00e1 en proceso de actualizaci\u00f3n considerando 91 iniciativas con una inversi\u00f3n de 383 mil millones. Recursos que ser\u00e1n financiados en un 24% a trav\u00e9s del FNDR y un 76% por el Minsal.<\/p>\n<p style=\"text-align: justify;\">Desde la comisi\u00f3n de Fomento Productivo, la consejera Tatiana Castillo, quien adem\u00e1s es vicepresidenta de la comisi\u00f3n especial de Emergencia H\u00eddrica, puso el acento sobre la generaci\u00f3n de empleo, se\u00f1alando que \u201cnecesitamos levantar nuestra regi\u00f3n que hoy est\u00e1 empobrecida, por lo que tenemos que poner los planes de trabajo en acci\u00f3n ahora ya\u201d.<\/p>\n<p style=\"text-align: justify;\">La consejera mencion\u00f3 la necesidad de concretar obras como la planta desaladora para asegurar el agua para consumo humano, adem\u00e1s del proyecto T\u00fanel de Agua Negra, que \u201cno es un capricho de alg\u00fan gobierno o de nadie, sino que es una necesidad. Nosotros necesitamos obras emblem\u00e1ticas en nuestra regi\u00f3n, que es maravillosa, y desde donde podr\u00edamos poner un punto mucho m\u00e1s alto a nivel mundial, con la instalaci\u00f3n del laboratorio subterr\u00e1neo en el T\u00fanel de Agua Negra, y que es una necesidad para la ciencia, para la fuerza a\u00e9rea y la medicina. Son formas a trav\u00e9s de las que podemos levantar nuestra regi\u00f3n, pero necesitamos tomar la decisi\u00f3n de una buena vez\u201d.<\/p>\n<p style=\"text-align: justify;\">El Laboratorio Subterr\u00e1neo ANDES, es una idea planteada por un grupo de cient\u00edficos de las Universidades de La Serena, Federico Santa Mar\u00eda, Universidad de Chile y Universidad Cat\u00f3lica, con el fin de desarrollar experimentos de alta sensibilidad, que requieren absoluto aislamiento respecto de interferencias externas. En este lugar se podr\u00edan realizar experimentos en f\u00edsica, geolog\u00eda, geof\u00edsica, sismolog\u00eda y biolog\u00eda, facilitando el desarrollo de una gran variedad de industria de alta tecnolog\u00eda, as\u00ed como tambi\u00e9n descubrir o desarrollar nuevos m\u00e9todos que se aplican en la gran industria.<\/p>\n<p style=\"text-align: justify;\">Finalmente, el presidente de la comisi\u00f3n de Desarrollo Social, Lombardo Toledo, dijo que \u201cesta regi\u00f3n no solo necesita del Gobierno Regional, sino tambi\u00e9n de los ministerios y servicios p\u00fablicos. Nosotros tenemos una cartera enorme de proyectos y por razones ideol\u00f3gicas, tal vez, esta regi\u00f3n ha sido postergada. El dolor de nuestras 15 comunas hoy es la ejecuci\u00f3n presupuestaria, y la gesti\u00f3n deber\u00eda ser arm\u00f3nica entre el Gobierno Regional y la Delegaci\u00f3n Presidencial, y de la \u00fanica manera que podamos salir adelante es con esa conjunci\u00f3n de voluntades\u201d.<\/p>\n<p style=\"text-align: justify;\">Respecto de las zonas de desarrollo, en la instancia el Subsecretario, junto al Delegado Presidencial, Rub\u00e9n Quezada, dieron a conocer la extensi\u00f3n del Programa Zonas Rezagadas para el territorio que abarca las comunas de Canela, R\u00edo Hurtado, Punitaqui y Monte Patria. De esta forma, estas comunas podr\u00edan seguir adelante con programas e iniciativas de desarrollo en diversos \u00e1mbitos por los pr\u00f3ximos dos a\u00f1os.<\/p>\n","protected":false},"excerpt":{"rendered":"<p>La cita fue en la Biblioteca Regional Gabriela Mistral, donde se realiz\u00f3 el Primer Encuentro de Desarrollo Regional. El Subsecretario Miguel Crispi atendi\u00f3 las principales problem\u00e1ticas y desaf\u00edos para los territorios. Una importante instancia de descentralizaci\u00f3n se desarroll\u00f3 esta semana en la Regi\u00f3n de Coquimbo. Se trata del Primer Encuentro<\/p>\n","protected":false},"author":1,"featured_media":1505,"comment_status":"closed","ping_status":"open","sticky":false,"template":"","format":"standard","meta":{"footnotes":""},"categories":[19],"tags":[],"class_list":["post-1504","post","type-post","status-publish","format-standard","has-post-thumbnail","hentry","category-corecoquimbo"],"_links":{"self":[{"href":"https:\/\/minutaregional.cl\/index.php?rest_route=\/wp\/v2\/posts\/1504","targetHints":{"allow":["GET"]}}],"collection":[{"href":"https:\/\/minutaregional.cl\/index.php?rest_route=\/wp\/v2\/posts"}],"about":[{"href":"https:\/\/minutaregional.cl\/index.php?rest_route=\/wp\/v2\/types\/post"}],"author":[{"embeddable":true,"href":"https:\/\/minutaregional.cl\/index.php?rest_route=\/wp\/v2\/users\/1"}],"replies":[{"embeddable":true,"href":"https:\/\/minutaregional.cl\/index.php?rest_route=%2Fwp%2Fv2%2Fcomments&post=1504"}],"version-history":[{"count":1,"href":"https:\/\/minutaregional.cl\/index.php?rest_route=\/wp\/v2\/posts\/1504\/revisions"}],"predecessor-version":[{"id":1506,"href":"https:\/\/minutaregional.cl\/index.php?rest_route=\/wp\/v2\/posts\/1504\/revisions\/1506"}],"wp:featuredmedia":[{"embeddable":true,"href":"https:\/\/minutaregional.cl\/index.php?rest_route=\/wp\/v2\/media\/1505"}],"wp:attachment":[{"href":"https:\/\/minutaregional.cl\/index.php?rest_route=%2Fwp%2Fv2%2Fmedia&parent=1504"}],"wp:term":[{"taxonomy":"category","embeddable":true,"href":"https:\/\/minutaregional.cl\/index.php?rest_route=%2Fwp%2Fv2%2Fcategories&post=1504"},{"taxonomy":"post_tag","embeddable":true,"href":"https:\/\/minutaregional.cl\/index.php?rest_route=%2Fwp%2Fv2%2Ftags&post=1504"}],"curies":[{"name":"wp","href":"https:\/\/api.w.org\/{rel}","templated":true}]}}