{"id":1499,"date":"2022-08-28T18:30:27","date_gmt":"2022-08-28T18:30:27","guid":{"rendered":"https:\/\/minutaregional.cl\/?p=1499"},"modified":"2022-08-28T18:31:29","modified_gmt":"2022-08-28T18:31:29","slug":"pdi-investiga-homicidio-en-sector-lagunillas-de-ovalle","status":"publish","type":"post","link":"https:\/\/minutaregional.cl\/?p=1499","title":{"rendered":"PDI INVESTIGA HOMICIDIO EN SECTOR LAGUNILLAS DE OVALLE"},"content":{"rendered":"<audio class=\"wp-audio-shortcode\" id=\"audio-1499-1\" preload=\"none\" style=\"width: 100%;\" controls=\"controls\"><source type=\"audio\/mpeg\" src=\"https:\/\/minutaregional.cl\/wp-content\/uploads\/2022\/08\/WhatsApp-Audio-2022-08-27-at-11.23.17-AM-online-audio-converter.com_.mp3?_=1\" \/><a href=\"https:\/\/minutaregional.cl\/wp-content\/uploads\/2022\/08\/WhatsApp-Audio-2022-08-27-at-11.23.17-AM-online-audio-converter.com_.mp3\">https:\/\/minutaregional.cl\/wp-content\/uploads\/2022\/08\/WhatsApp-Audio-2022-08-27-at-11.23.17-AM-online-audio-converter.com_.mp3<\/a><\/audio>\n<p>AUDIO: Subprefecto Jos\u00e9 C\u00e1ceres, jefe de la Brigada de Homicidios La Serena.<\/p>\n<p style=\"text-align: justify;\"><em>El hecho habr\u00eda ocurrido a eso de las 20:00 horas en la ruta que une La Serena con Ovalle.<\/em><\/p>\n<p style=\"text-align: justify;\">Detectives de la Brigada de Homicidios La Serena, a solicitud del Ministerio P\u00fablico, se trasladaron hasta el sector de Lagunillas, comuna de Ovalle, con la finalidad de investigar el hallazgo de cad\u00e1ver de un hombre, de 33 a\u00f1os, identificado con las iniciales C.M.V.R<\/p>\n<p style=\"text-align: justify;\"><strong><em>\u201cEl personal especializado junto a peritos del Laboratorio de criminal\u00edstica, concurrieron al sitio del suceso, estableciendo que el cuerpo presentaba lesiones atribuibles a impactos bal\u00edsticos\u201d<\/em><\/strong>, indic\u00f3 el Subprefecto Jos\u00e9 C\u00e1ceres, jefe de la Brigada de Homicidios La Serena.<\/p>\n<p style=\"text-align: justify;\">Seg\u00fan los antecedentes recopilados por los detectives, a eso de las 20:00 horas, el fallecido habr\u00eda sido encontrado por un vigilante de control vial, bajo la pasarela de la ruta D-45, a la altura de Lagunillas.<\/p>\n<p style=\"text-align: justify;\"><strong><em>\u201cSe est\u00e1 desarrollando la investigaci\u00f3n correspondiente, ubicando testigos, entrevistando al c\u00edrculo cercano de la v\u00edctima y realizando el levantamiento de c\u00e1maras a fin de poder establecer las causas y circunstancias en que se produjo el hecho, e identificar a los autores\u201d<\/em><\/strong>, se\u00f1al\u00f3 el Subprefecto.<\/p>\n<p style=\"text-align: justify;\">El cuerpo del fallecido fue trasladado hasta el servicio m\u00e9dico legal, a fin de practicar la autopsia de rigor.<\/p>\n","protected":false},"excerpt":{"rendered":"<p>AUDIO: Subprefecto Jos\u00e9 C\u00e1ceres, jefe de la Brigada de Homicidios La Serena. El hecho habr\u00eda ocurrido a eso de las 20:00 horas en la ruta que une La Serena con Ovalle. Detectives de la Brigada de Homicidios La Serena, a solicitud del Ministerio P\u00fablico, se trasladaron hasta el sector de<\/p>\n","protected":false},"author":1,"featured_media":1500,"comment_status":"closed","ping_status":"open","sticky":false,"template":"","format":"standard","meta":{"footnotes":""},"categories":[14],"tags":[],"class_list":["post-1499","post","type-post","status-publish","format-standard","has-post-thumbnail","hentry","category-pdi"],"_links":{"self":[{"href":"https:\/\/minutaregional.cl\/index.php?rest_route=\/wp\/v2\/posts\/1499","targetHints":{"allow":["GET"]}}],"collection":[{"href":"https:\/\/minutaregional.cl\/index.php?rest_route=\/wp\/v2\/posts"}],"about":[{"href":"https:\/\/minutaregional.cl\/index.php?rest_route=\/wp\/v2\/types\/post"}],"author":[{"embeddable":true,"href":"https:\/\/minutaregional.cl\/index.php?rest_route=\/wp\/v2\/users\/1"}],"replies":[{"embeddable":true,"href":"https:\/\/minutaregional.cl\/index.php?rest_route=%2Fwp%2Fv2%2Fcomments&post=1499"}],"version-history":[{"count":2,"href":"https:\/\/minutaregional.cl\/index.php?rest_route=\/wp\/v2\/posts\/1499\/revisions"}],"predecessor-version":[{"id":1503,"href":"https:\/\/minutaregional.cl\/index.php?rest_route=\/wp\/v2\/posts\/1499\/revisions\/1503"}],"wp:featuredmedia":[{"embeddable":true,"href":"https:\/\/minutaregional.cl\/index.php?rest_route=\/wp\/v2\/media\/1500"}],"wp:attachment":[{"href":"https:\/\/minutaregional.cl\/index.php?rest_route=%2Fwp%2Fv2%2Fmedia&parent=1499"}],"wp:term":[{"taxonomy":"category","embeddable":true,"href":"https:\/\/minutaregional.cl\/index.php?rest_route=%2Fwp%2Fv2%2Fcategories&post=1499"},{"taxonomy":"post_tag","embeddable":true,"href":"https:\/\/minutaregional.cl\/index.php?rest_route=%2Fwp%2Fv2%2Ftags&post=1499"}],"curies":[{"name":"wp","href":"https:\/\/api.w.org\/{rel}","templated":true}]}}