{"id":1495,"date":"2022-08-28T18:17:47","date_gmt":"2022-08-28T18:17:47","guid":{"rendered":"https:\/\/minutaregional.cl\/?p=1495"},"modified":"2022-08-28T18:17:47","modified_gmt":"2022-08-28T18:17:47","slug":"naufragio-del-vapor-itata-cumple-100-anos","status":"publish","type":"post","link":"https:\/\/minutaregional.cl\/?p=1495","title":{"rendered":"Naufragio del Vapor Itata cumple 100 a\u00f1os"},"content":{"rendered":"<p style=\"text-align: justify;\">Hoy domingo 28 de agosto se cumplir\u00e1n 100 a\u00f1os de la mayor tragedia n\u00e1utica del que se tenga registro en el pa\u00eds, cuyo suceso tuvo lugar en la regi\u00f3n de Coquimbo, precisamente en las costas de la comuna de La Higuera. El vapor Itata naufrag\u00f3 en 1922 frente a Los Choros con m\u00e1s de 400 personas a bordo y dejando tan solo 26 sobrevivientes, un hecho que se niega a quedar en el olvido colectivo.<\/p>\n<p style=\"text-align: justify;\">En raz\u00f3n de lo anterior, el centenario se conmemorar\u00e1 el s\u00e1bado 27 de agosto con una serie de actividades entre las que destacan una romer\u00eda mar\u00edtima en la zona adyacente al tr\u00e1gico suceso, arrojando al agua un adorno floral en recuerdo de las v\u00edctimas. Adem\u00e1s, se efectuar\u00e1 la colocaci\u00f3n de la primera piedra del nuevo memorial en reemplazo del actual, imperceptible y muy deteriorado con el paso del tiempo, para finalizar con una breve liturgia.<\/p>\n<p style=\"text-align: justify;\">Dicha iniciativa, postulada y dise\u00f1ada por la Municipalidad de La Higuera, se desarrollar\u00e1 en los pr\u00f3ximos meses con recursos del Gobierno Regional por alrededor de $50 millones. Al respecto, el alcalde de La Higuera, Yerko Galleguillos, explica que <strong>\u201cconstruiremos en el lugar un memorial donde est\u00e1n sepultados los cuerpos de los n\u00e1ufragos para que pueda ser visitado por los turistas que se desplazan principalmente a la Reserva Nacional Ping\u00fcino de Humboldt, y as\u00ed nuestra comuna tenga un nuevo lugar para que los visitantes puedan conocer la historia de lo que fue este naufragio\u201d<\/strong>.<\/p>\n<p style=\"text-align: justify;\">El jefe comunal a\u00f1ade que <strong>\u201cesta tragedia es una oportunidad para desarrollar un polo tur\u00edstico en nuestra comuna dada la importancia patrimonial que tiene (\u2026) el Itata ya fue localizado, est\u00e1n establecidas las coordenadas donde se encuentra hundido y se est\u00e1 a la espera de tener el desarrollo del catastro de delimitaci\u00f3n del per\u00edmetro para que el Consejo de Monumentos Nacionales apruebe su intervenci\u00f3n y la declaraci\u00f3n de patrimonio y, de esa manera, vaya tomando fuerza y valor agregado el buque que se encuentra hundido frente a las costas de La Higuera\u201d<\/strong>.<\/p>\n<p style=\"text-align: justify;\">En 2017, gracias a la ciencia y el uso de tecnolog\u00eda de punta dispuesta por la Universidad Cat\u00f3lica del Norte, la Armada, Oceana y el propio municipio, la excursi\u00f3n para encontrar los restos del nav\u00edo logr\u00f3 dar con el paredero del Itata a m\u00e1s de 200 metros de profundidad, cuyos descubridores actualmente se encuentran planeando futuros proyectos que complementen el documental \u2018Itata 1922\u2019 estrenado en 2020 y seguir documentando la labor investigativa con trabajos de prospecci\u00f3n subacu\u00e1tica.<\/p>\n<p style=\"text-align: justify;\">Uno de ellos es Ricardo Bordones, gestor e investigador de la expedici\u00f3n del Itata en la regi\u00f3n de Coquimbo, para quien el hecho tiene una importancia cultural que servir\u00e1 como relato para futuras generaciones, pues <strong>\u201c<\/strong><strong>los restos del vapor Itata cuentan una historia que, m\u00e1s all\u00e1 del descubrimiento f\u00edsico, fue el hallazgo de un verdadero patrimonio material e inmaterial para la comuna, la regi\u00f3n y el pa\u00eds\u201d<\/strong>.<\/p>\n<p style=\"text-align: justify;\">En ese sentido, Bordones sostiene que<strong> \u201cel naufragio del vapor Itata tiene una gran herencia patrimonial para la regi\u00f3n de Coquimbo y para la historia mar\u00edtima de Chile, tanto por su historia militar en la Guerra del Pac\u00edfico y su historia pol\u00edtica en la revoluci\u00f3n de 1891, como tambi\u00e9n por el componente social porque es la forma en que miles y miles de personas fueron viajando al norte en la b\u00fasqueda de un mejor anhelo de vida en la industria del salitre. Y es de esta forma en que cientos de familias de la regi\u00f3n pierden la vida tr\u00e1gicamente frente a las costas de La Higuera\u201d<\/strong>.<\/p>\n<p style=\"text-align: justify;\">La idea a mediano plazo, asegura, es incorporar dicho patrimonio al legado de la comuna a trav\u00e9s de un centro de investigaci\u00f3n y\/o un museo de sitio una vez finalizado el plan de rescate de restos.<\/p>\n<p>&nbsp;<\/p>\n","protected":false},"excerpt":{"rendered":"<p>Hoy domingo 28 de agosto se cumplir\u00e1n 100 a\u00f1os de la mayor tragedia n\u00e1utica del que se tenga registro en el pa\u00eds, cuyo suceso tuvo lugar en la regi\u00f3n de Coquimbo, precisamente en las costas de la comuna de La Higuera. El vapor Itata naufrag\u00f3 en 1922 frente a Los<\/p>\n","protected":false},"author":1,"featured_media":1496,"comment_status":"closed","ping_status":"open","sticky":false,"template":"","format":"standard","meta":{"footnotes":""},"categories":[21],"tags":[],"class_list":["post-1495","post","type-post","status-publish","format-standard","has-post-thumbnail","hentry","category-municipalidades"],"_links":{"self":[{"href":"https:\/\/minutaregional.cl\/index.php?rest_route=\/wp\/v2\/posts\/1495","targetHints":{"allow":["GET"]}}],"collection":[{"href":"https:\/\/minutaregional.cl\/index.php?rest_route=\/wp\/v2\/posts"}],"about":[{"href":"https:\/\/minutaregional.cl\/index.php?rest_route=\/wp\/v2\/types\/post"}],"author":[{"embeddable":true,"href":"https:\/\/minutaregional.cl\/index.php?rest_route=\/wp\/v2\/users\/1"}],"replies":[{"embeddable":true,"href":"https:\/\/minutaregional.cl\/index.php?rest_route=%2Fwp%2Fv2%2Fcomments&post=1495"}],"version-history":[{"count":2,"href":"https:\/\/minutaregional.cl\/index.php?rest_route=\/wp\/v2\/posts\/1495\/revisions"}],"predecessor-version":[{"id":1498,"href":"https:\/\/minutaregional.cl\/index.php?rest_route=\/wp\/v2\/posts\/1495\/revisions\/1498"}],"wp:featuredmedia":[{"embeddable":true,"href":"https:\/\/minutaregional.cl\/index.php?rest_route=\/wp\/v2\/media\/1496"}],"wp:attachment":[{"href":"https:\/\/minutaregional.cl\/index.php?rest_route=%2Fwp%2Fv2%2Fmedia&parent=1495"}],"wp:term":[{"taxonomy":"category","embeddable":true,"href":"https:\/\/minutaregional.cl\/index.php?rest_route=%2Fwp%2Fv2%2Fcategories&post=1495"},{"taxonomy":"post_tag","embeddable":true,"href":"https:\/\/minutaregional.cl\/index.php?rest_route=%2Fwp%2Fv2%2Ftags&post=1495"}],"curies":[{"name":"wp","href":"https:\/\/api.w.org\/{rel}","templated":true}]}}