{"id":1477,"date":"2022-08-28T17:13:21","date_gmt":"2022-08-28T17:13:21","guid":{"rendered":"https:\/\/minutaregional.cl\/?p=1477"},"modified":"2022-08-28T17:13:57","modified_gmt":"2022-08-28T17:13:57","slug":"pescadores-de-caleta-las-conchas-celebraron-nuevo-convenio-de-programacion-para-mejoramiento-de-caletas-artesanales","status":"publish","type":"post","link":"https:\/\/minutaregional.cl\/?p=1477","title":{"rendered":"Pescadores de Caleta Las Conchas celebraron nuevo convenio de programaci\u00f3n para mejoramiento de caletas artesanales"},"content":{"rendered":"<p>Financiada en un 70% por el Ministerio de Obras P\u00fablicas y un 30% por el Gobierno Regional, tras aprobaci\u00f3n del Consejo Regional, la inversi\u00f3n supera los $19 mil millones. El programa considera la construcci\u00f3n y mejoramiento de 8 caletas en las tres provincias de la regi\u00f3n.<\/p>\n<p>Manteniendo el esp\u00edritu de trabajo territorial y en contacto permanente con la comunidad, un grupo de consejeros regionales se traslad\u00f3 esta semana a la comuna de Los Vilos, provincia del Choapa. Instancia en la que sostuvieron diversas reuniones de trabajo y visitas en terreno junto al Alcalde Christian Gross y concejales.<\/p>\n<p>Una de estas visitas fue a la Caleta Las Conchas, donde junto a la directora de Obras Portuarias del MOP, Lilian Ireland, los consejeros informaron en detalle a los pescadores sobre el convenio de programaci\u00f3n entre el Gobierno Regional y la Direcci\u00f3n de Obras Portuarias del MOP, aprobado por el cuerpo colegiado en sesi\u00f3n ordinaria, que considera la construcci\u00f3n y\/ o mejoramiento de 8 caletas artesanales, una de ellas, Caleta Las Conchas de Los Vilos.<\/p>\n<p>Tras la noticia, el presidente de la Asociaci\u00f3n Gremial de Caletas Las Conchas, Oscar Villalobos, dijo que \u201chace muchos a\u00f1os que hemos estado esperando esto, hemos tenido reuniones tras reuniones con autoridades, y la noticia que hoy nos entregan es muy beneficiosa para nosotros, porque ya el pr\u00f3ximo a\u00f1o partimos con la renovaci\u00f3n de nuestra caleta. Lo que tenemos hasta ahora es inc\u00f3modo para trabajar y con esto vamos a poder realizar nuestra labor con las embarcaciones y propiciar el turismo, porque si tenemos una linda caleta, m\u00e1s gente va a venir y eso es lo que queremos como pescadores y como vile\u00f1os\u201d.<\/p>\n<p>Caleta Las Conchas tiene m\u00e1s de 20 a\u00f1os de antig\u00fcedad, por lo que se requiere, reponer y ampliar las instalaciones actuales, adem\u00e1s de construir otras nuevas. La iniciativa para esta caleta considera una inversi\u00f3n superior a los $1.200 millones para realizar un reordenamiento integral de la misma, incorporando \u00e1reas para la gastronom\u00eda y turismo junto con obras mar\u00edtimas y terrestres, e incorporando el uso de energ\u00edas alternativas.<\/p>\n<p>El convenio en su totalidad implica una inversi\u00f3n cercana a los $20 mil millones, financiado en un 70% por el MOP y 30% por el Gobierno Regional, y considera un trabajo de mejoramiento para las caletas San Agust\u00edn en Elqui; R\u00edo Limar\u00ed, Talquilla, La Cebada, El Sauce en Limar\u00ed; y Puerto Oscuro, Las Conchas y Chigualoco en Choapa.<\/p>\n<p>El presidente de la comisi\u00f3n de Ordenamiento Territorial del CORE, Wladimir Pleticosic, detall\u00f3 que \u201cya se hab\u00eda desarrollado un convenio anterior con una inversi\u00f3n importante tambi\u00e9n, y hoy estamos poniendo nuevos recursos con el fin de generar progreso y desarrollo para nuestra regi\u00f3n. Ese es nuestro objetivo como Consejo Regional y no le quepa duda a la comunidad que proyectos y convenios como este, y otros que vienen en el futuro y en los que estamos trabajando, tambi\u00e9n ser\u00e1n destinados a mejorar la calidad de vida de las 15 comunas de nuestra regi\u00f3n\u201d.<\/p>\n<p>En la misma l\u00ednea el seremi de Obras P\u00fablicas, Javier Sandoval, recalc\u00f3 que \u201cesta es una excelente noticia para los pescadores y pescadoras de Los Vilos, como tambi\u00e9n para las otras caletas de la regi\u00f3n que ser\u00e1n beneficiadas con este convenio. Nosotros estuvimos en el mes de junio en la caleta Las Conchas y pude ver el trabajo productivo que aqu\u00ed se desarrolla. Ac\u00e1 hay un anhelo de a\u00f1os para mejorar la caleta, lo que permitir\u00e1 potenciar las labores que aqu\u00ed se desarrollan, abrir mayores oportunidades en materia de turismo por ejemplo y otorgar mayor seguridad a quienes trabajan en la caleta, un beneficio que se replicar\u00e1 en gran parte de las localidades que forman parte de este convenio y donde el MOP, a trav\u00e9s de la Direcci\u00f3n de Obras Portuarias, estar\u00e1 desarrollando un trabajo conjunto con los pescadores y la comunidad para que participen de manera activa en la ejecuci\u00f3n de estas iniciativas\u201d.<\/p>\n<p>Por su parte, la directora regional de Obras Portuarias del MOP, Lilian Ireland, agreg\u00f3 que \u201ceste segundo convenio, que viene a mejorar las caletas artesanales de la regi\u00f3n, fue trabajado desde el CORE con mucho impulso y junto a la Direcci\u00f3n de Obras Portuarias del MOP hemos logrado tener esta aprobaci\u00f3n. El objetivo es mejorar sustancialmente la calidad de vida de los pescadores, aportando desde el espacio productivo y diversificando la pesca artesanal hacia lo gastron\u00f3mico o hacia lo tur\u00edstico\u201d.<\/p>\n<p>Este convenio apunta a aquellas caletas que han alcanzado su vida \u00fatil o requieran de ampliaci\u00f3n o mejoramiento de espacios para su entrega de servicios, permitiendo, adem\u00e1s, la reconversi\u00f3n de la pesca artesanal.<\/p>\n<p>Desde el municipio de Los Vilos tambi\u00e9n destacaron esta noticia, considerando la intervenci\u00f3n en dos de sus caletas, como son Las Conchas y Chigualoco. El alcalde Christian Gross se\u00f1al\u00f3 que \u201cesto permite que en los pr\u00f3ximos meses puedan comenzar los estudios, que esperamos que terminen en la construcci\u00f3n de estas caletas tan importantes para nuestra comuna. Tenemos una enorme satisfacci\u00f3n, aqu\u00ed tenemos una visi\u00f3n de desarrollo tur\u00edstico que compartimos con nuestros pescadores y este anuncio del Consejo Regional es muy relevante\u201d.<\/p>\n<p>La caleta de Chigualoco igualmente supera los 20 a\u00f1os de antig\u00fcedad y requerir\u00e1 de mejoramiento y construcci\u00f3n de nuevas \u00e1reas, para lo que el convenio considera una inversi\u00f3n de $1.335 millones.<\/p>\n<p>Para el consejero por Choapa, Cristian Rondanelli, \u201cambas caletas requieres de mejoramiento y remodelaci\u00f3n, pues son obras que ya tienen muchos a\u00f1os y no est\u00e1n de acuerdo a los requerimientos actuales. Esto va a brindar seguridad a nuestros pescadores del Choapa, adem\u00e1s de las otras obras que se realizar\u00e1n con estos m\u00e1s de $19 mil millones proyectados en el segundo programa de recuperaci\u00f3n de caletas de la regi\u00f3n\u201d.<\/p>\n<p>Por su parte, el consejero por la misma provincia, Juan Barraza, agreg\u00f3 que \u201cnuestros pescadores han esperado por a\u00f1os estas mejoras, nos lo han reiterado en diversas instancias y, por lo mismo, cuando se aprob\u00f3 este convenio en nuestro consejo regional fue un voto transversal de parte de los 16 integrantes\u201d.<\/p>\n","protected":false},"excerpt":{"rendered":"<p>Financiada en un 70% por el Ministerio de Obras P\u00fablicas y un 30% por el Gobierno Regional, tras aprobaci\u00f3n del Consejo Regional, la inversi\u00f3n supera los $19 mil millones. El programa considera la construcci\u00f3n y mejoramiento de 8 caletas en las tres provincias de la regi\u00f3n. Manteniendo el esp\u00edritu de<\/p>\n","protected":false},"author":1,"featured_media":1478,"comment_status":"closed","ping_status":"open","sticky":false,"template":"","format":"standard","meta":{"footnotes":""},"categories":[19],"tags":[],"class_list":["post-1477","post","type-post","status-publish","format-standard","has-post-thumbnail","hentry","category-corecoquimbo"],"_links":{"self":[{"href":"https:\/\/minutaregional.cl\/index.php?rest_route=\/wp\/v2\/posts\/1477","targetHints":{"allow":["GET"]}}],"collection":[{"href":"https:\/\/minutaregional.cl\/index.php?rest_route=\/wp\/v2\/posts"}],"about":[{"href":"https:\/\/minutaregional.cl\/index.php?rest_route=\/wp\/v2\/types\/post"}],"author":[{"embeddable":true,"href":"https:\/\/minutaregional.cl\/index.php?rest_route=\/wp\/v2\/users\/1"}],"replies":[{"embeddable":true,"href":"https:\/\/minutaregional.cl\/index.php?rest_route=%2Fwp%2Fv2%2Fcomments&post=1477"}],"version-history":[{"count":1,"href":"https:\/\/minutaregional.cl\/index.php?rest_route=\/wp\/v2\/posts\/1477\/revisions"}],"predecessor-version":[{"id":1481,"href":"https:\/\/minutaregional.cl\/index.php?rest_route=\/wp\/v2\/posts\/1477\/revisions\/1481"}],"wp:featuredmedia":[{"embeddable":true,"href":"https:\/\/minutaregional.cl\/index.php?rest_route=\/wp\/v2\/media\/1478"}],"wp:attachment":[{"href":"https:\/\/minutaregional.cl\/index.php?rest_route=%2Fwp%2Fv2%2Fmedia&parent=1477"}],"wp:term":[{"taxonomy":"category","embeddable":true,"href":"https:\/\/minutaregional.cl\/index.php?rest_route=%2Fwp%2Fv2%2Fcategories&post=1477"},{"taxonomy":"post_tag","embeddable":true,"href":"https:\/\/minutaregional.cl\/index.php?rest_route=%2Fwp%2Fv2%2Ftags&post=1477"}],"curies":[{"name":"wp","href":"https:\/\/api.w.org\/{rel}","templated":true}]}}