{"id":1473,"date":"2022-08-28T16:53:03","date_gmt":"2022-08-28T16:53:03","guid":{"rendered":"https:\/\/minutaregional.cl\/?p=1473"},"modified":"2022-08-28T16:53:33","modified_gmt":"2022-08-28T16:53:33","slug":"corfo-abre-convocatoria-para-impulsar-la-difusion-tecnologica-en-pymes","status":"publish","type":"post","link":"https:\/\/minutaregional.cl\/?p=1473","title":{"rendered":"Corfo Abre Convocatoria para Impulsar la Difusi\u00f3n Tecnol\u00f3gica en Pymes"},"content":{"rendered":"<audio class=\"wp-audio-shortcode\" id=\"audio-1473-1\" preload=\"none\" style=\"width: 100%;\" controls=\"controls\"><source type=\"audio\/mpeg\" src=\"https:\/\/minutaregional.cl\/wp-content\/uploads\/2022\/08\/02-FJohnson-Corfo.mp3?_=1\" \/><a href=\"https:\/\/minutaregional.cl\/wp-content\/uploads\/2022\/08\/02-FJohnson-Corfo.mp3\">https:\/\/minutaregional.cl\/wp-content\/uploads\/2022\/08\/02-FJohnson-Corfo.mp3<\/a><\/audio>\n<p>AUDIO: Fernando Johnson Dur\u00e1n, Director (s) de Corfo Ays\u00e9n<\/p>\n<p><strong><em>Coyhaique, Agosto 2022.-<\/em><\/strong> \u00a0\u00a0<a href=\"http:\/\/www.corfo.cl\">Corfo<\/a> abri\u00f3 una convocatoria nacional para su <a href=\"https:\/\/www.corfo.cl\/sites\/cpp\/convocatorias\/programa_de_difusion_tecnologica\"><strong>Programa de Difusi\u00f3n Tecnol\u00f3gica (PDT)<\/strong><\/a> con el fin de acercar a las empresas, preferentemente las de menor tama\u00f1o, a la frontera tecnol\u00f3gica a trav\u00e9s de la difusi\u00f3n y absorci\u00f3n de las mejores pr\u00e1cticas, conocimientos, t\u00e9cnicas, tecnolog\u00edas y capacidades de innovaci\u00f3n actualmente disponibles en Chile y el mundo.<\/p>\n<p>Con este instrumento, la Corporaci\u00f3n ofrecer\u00e1 un cofinanciamiento de <strong>hasta el 70% del costo total del proyecto<\/strong>, con un tope de <strong>hasta $90 millones<\/strong>, para aquellas iniciativas que incluyan un plan de difusi\u00f3n y transferencia tecnol\u00f3gica, que ayuden a mejorar el desempe\u00f1o y competitividad de las empresas, en especial las Pymes, en todas las regiones del pa\u00eds.<\/p>\n<p>Fernando Johnson Dur\u00e1n, director (s) de Corfo Ays\u00e9n, detall\u00f3 el objetivo de esta convocatoria. \u201cDesde Corfo buscamos que las pymes de nuestra regi\u00f3n tengan un rol central en la transformaci\u00f3n productiva de un nuevo modelo de desarrollo que estamos impulsando en el pa\u00eds. Por ello queremos invitarles a que sean parte de este programa que busca fortalecer sus capacidades productivas para que puedan cerrar o acortar sus brechas tecnol\u00f3gicas a fin de dise\u00f1ar e implementar proyectos de innovaci\u00f3n y as\u00ed impactar en su productividad y en la competitividad en el territorio\u201d.<\/p>\n<p>Agreg\u00f3 que \u201centre las actividades que se podr\u00e1n financiar con esta l\u00ednea de apoyo destaca la realizaci\u00f3n de talleres, seminarios, asesor\u00edas t\u00e9cnicas, consultor\u00edas nacionales e internacionales, actividades en terreno y adquisici\u00f3n de tecnolog\u00edas a baja escala (esto \u00faltimo con fines demostrativos) que apunten a lograr los objetivos definidos por los proyectos que Corfo seleccione\u201d, concluy\u00f3.<\/p>\n<p>El <strong>Programa de Difusi\u00f3n Tecnol\u00f3gica (PDT) <\/strong>contempla la participaci\u00f3n <strong>de un gestor (beneficiario)<\/strong> y de un conjunto de empresas, por cada proyecto, que son las que recibir\u00e1n el plan de difusi\u00f3n y transferencia. Y para postular, estos gestores (beneficiarios) deben ser personas jur\u00eddicas constituidas en Chile, o personas naturales que cuenten con iniciaci\u00f3n de actividades en un giro de naturaleza empresarial, y que tributen en primera categor\u00eda del Impuesto a la Renta.<\/p>\n<p>Las postulaciones a este programa estar\u00e1n abiertas hasta <strong>las 15.00 horas mi\u00e9rcoles 14 de septiembre de 2022, <\/strong>a trav\u00e9s del sitio web de <a href=\"https:\/\/www.corfo.cl\/sites\/cpp\/convocatorias\/programa_de_difusion_tecnologica\">Corfo<\/a> .<\/p>\n<p>Para m\u00e1s informaci\u00f3n, dirigirse a las oficinas de Corfo Ays\u00e9n, ubicadas en Sim\u00f3n Bol\u00edvar n\u00b0262 Coyhaique, de 09:00 a 13:00 horas o escribir a <a href=\"mailto:oficinapartesaysen@corfo.cl\">oficinapartesaysen@corfo.cl<\/a><\/p>\n<p><strong>\u00a0<\/strong><\/p>\n","protected":false},"excerpt":{"rendered":"<p>AUDIO: Fernando Johnson Dur\u00e1n, Director (s) de Corfo Ays\u00e9n Coyhaique, Agosto 2022.- \u00a0\u00a0Corfo abri\u00f3 una convocatoria nacional para su Programa de Difusi\u00f3n Tecnol\u00f3gica (PDT) con el fin de acercar a las empresas, preferentemente las de menor tama\u00f1o, a la frontera tecnol\u00f3gica a trav\u00e9s de la difusi\u00f3n y absorci\u00f3n de las<\/p>\n","protected":false},"author":1,"featured_media":1475,"comment_status":"closed","ping_status":"open","sticky":false,"template":"","format":"standard","meta":{"footnotes":""},"categories":[20],"tags":[],"class_list":["post-1473","post","type-post","status-publish","format-standard","has-post-thumbnail","hentry","category-corfo"],"_links":{"self":[{"href":"https:\/\/minutaregional.cl\/index.php?rest_route=\/wp\/v2\/posts\/1473","targetHints":{"allow":["GET"]}}],"collection":[{"href":"https:\/\/minutaregional.cl\/index.php?rest_route=\/wp\/v2\/posts"}],"about":[{"href":"https:\/\/minutaregional.cl\/index.php?rest_route=\/wp\/v2\/types\/post"}],"author":[{"embeddable":true,"href":"https:\/\/minutaregional.cl\/index.php?rest_route=\/wp\/v2\/users\/1"}],"replies":[{"embeddable":true,"href":"https:\/\/minutaregional.cl\/index.php?rest_route=%2Fwp%2Fv2%2Fcomments&post=1473"}],"version-history":[{"count":1,"href":"https:\/\/minutaregional.cl\/index.php?rest_route=\/wp\/v2\/posts\/1473\/revisions"}],"predecessor-version":[{"id":1476,"href":"https:\/\/minutaregional.cl\/index.php?rest_route=\/wp\/v2\/posts\/1473\/revisions\/1476"}],"wp:featuredmedia":[{"embeddable":true,"href":"https:\/\/minutaregional.cl\/index.php?rest_route=\/wp\/v2\/media\/1475"}],"wp:attachment":[{"href":"https:\/\/minutaregional.cl\/index.php?rest_route=%2Fwp%2Fv2%2Fmedia&parent=1473"}],"wp:term":[{"taxonomy":"category","embeddable":true,"href":"https:\/\/minutaregional.cl\/index.php?rest_route=%2Fwp%2Fv2%2Fcategories&post=1473"},{"taxonomy":"post_tag","embeddable":true,"href":"https:\/\/minutaregional.cl\/index.php?rest_route=%2Fwp%2Fv2%2Ftags&post=1473"}],"curies":[{"name":"wp","href":"https:\/\/api.w.org\/{rel}","templated":true}]}}