{"id":1470,"date":"2022-08-28T16:36:22","date_gmt":"2022-08-28T16:36:22","guid":{"rendered":"https:\/\/minutaregional.cl\/?p=1470"},"modified":"2022-08-28T16:36:22","modified_gmt":"2022-08-28T16:36:22","slug":"ministro-de-educacion-presenta-agenda-de-educacion-tecnico-profesional-apuntando-a-un-nuevo-enfoque-para-este-sector-educativo","status":"publish","type":"post","link":"https:\/\/minutaregional.cl\/?p=1470","title":{"rendered":"Ministro de Educaci\u00f3n presenta Agenda de Educaci\u00f3n T\u00e9cnico Profesional apuntando a un nuevo enfoque para este sector educativo"},"content":{"rendered":"<p>Este a\u00f1o se cumplen 80 a\u00f1os desde que el 26 de agosto de 1942 se creara la Direcci\u00f3n General de Ense\u00f1anza Profesional, bajo la presidencia de Juan Antonio R\u00edos. En ese contexto, el ministro de Educaci\u00f3n, Marco Antonio \u00c1vila present\u00f3 la <strong>\u201cAgenda de Educaci\u00f3n T\u00e9cnico Profesional\u201d del Gobierno del Presidente Gabriel Boric Font<\/strong>, que busca relevar la educaci\u00f3n t\u00e9cnica y avanzar hacia una formaci\u00f3n centrada en el bienestar de los y las estudiantes y las comunidades.<\/p>\n<p>&nbsp;<\/p>\n<p>Uno de los objetivos de la agenda T\u00e9cnico Profesional es transitar hacia una formaci\u00f3n TP al servicio del desarrollo humano sostenible, reforzando la necesidad de una coordinaci\u00f3n intersectorial centrada en el bienestar sustantivo de estudiantes, trabajadoras y trabajadores.<\/p>\n<p>\u201cNuestro gobierno se ha propuesto avanzar decididamente hacia un nuevo modelo de desarrollo con mayor justicia social y en armon\u00eda con el cuidado del medioambiente. Y para esto debemos renovar nuestros enfoques en educaci\u00f3n\u201d, fueron las palabras del <strong>ministro de Educaci\u00f3n, Marco Antonio \u00c1vila, <\/strong>quien agreg\u00f3 que \u201ceste nuevo modelo de desarrollo requiere, a su vez, de una nueva mirada a la educaci\u00f3n t\u00e9cnico profesional, que busque el bienestar sustantivo de estudiantes y comunidades; respondiendo a las necesidades econ\u00f3micas, sociales y de sustentabilidad de los territorios; y bajo los principios de igualdad sustantiva de g\u00e9nero y trabajo decente\u201d.<\/p>\n<p>La autoridad ministerial sostuvo que \u201ces a los y las estudiantes a quienes queremos poner en el centro a la hora de pensar en la educaci\u00f3n TP que anhelamos. Una educaci\u00f3n t\u00e9cnico profesional que se desarrolla desde los territorios, que est\u00e9 mejor articulada y coordinada, que sea m\u00e1s participativa y democr\u00e1tica, y que transite hacia el desarrollo humano sostenible\u201d.<\/p>\n<p>Actualmente existen 931 liceos T\u00e9cnico Profesionales (TP) a lo largo del pa\u00eds, el 37% de la matr\u00edcula total de 3\u00b0 y 4\u00b0 medio con poco m\u00e1s de 160.000 estudiantes; el 46% de ellos estudia en un establecimiento p\u00fablico que ofrece esta formaci\u00f3n. Por su parte, la educaci\u00f3n superior TP representa m\u00e1s del 50% de la matr\u00edcula de primer a\u00f1o en carreras universitarias de pregrado.<\/p>\n<p>La <strong>seremi de Educaci\u00f3n Cecilia Ram\u00edrez<\/strong> <strong>Ch\u00e1vez<\/strong> resalt\u00f3 que \u201cesta conmemoraci\u00f3n de los 80 a\u00f1os de la Educaci\u00f3n T\u00e9cnico Profesional y que comenzamos con la feria regional TP coincide con la presentaci\u00f3n de la Agenda de Educaci\u00f3n T\u00e9cnico Profesional del Gobierno del Presidente Gabriel Boric, que fue anunciada hoy por nuestro Ministro, el Subsecretario de Educaci\u00f3n y la Subsecretaria de Educaci\u00f3n Superior. Es una agenda transformadora que se inserta en el cambio de paradigma en educaci\u00f3n y en el tr\u00e1nsito hacia un nuevo modelo de desarrollo. Transformadora como nuestro gobierno y en este cambio de paradigma que nuestro Ministro ha instalado. Se busca avanzar en una visi\u00f3n de la educaci\u00f3n T\u00e9cnico Profesional al servicio del desarrollo humano sostenible, reforzando la necesidad de una coordinaci\u00f3n intersectorial centrada siempre en el bienestar sustantivo de las y los estudiantes, trabajadoras y trabajadores; teniendo en cuenta los principios de nuestro gobierno feminismo, transici\u00f3n ecol\u00f3gica justa, la descentralizaci\u00f3n y sobretodo el trabajo decente\u201d.<\/p>\n<p><strong>\u00a0<\/strong>El ministro de Educaci\u00f3n destac\u00f3 la importancia del trabajo coordinado de los equipos ministeriales para avanzar en esta hoja de ruta para la formaci\u00f3n t\u00e9cnica. El <strong>subsecretario de Educaci\u00f3n, Nicol\u00e1s Cataldo<\/strong>, coment\u00f3 que \u201cen estos 80 a\u00f1os estamos pensando cu\u00e1l es la agenda que requerimos para el siglo XXI, para poner al d\u00eda a la educaci\u00f3n T\u00e9cnico Profesional con los desaf\u00edos del pa\u00eds y del mundo (\u2026) en educaci\u00f3n media estamos proyectando un proceso de transformaci\u00f3n curricular que permita alinear el trabajo de la educaci\u00f3n media TP con los desaf\u00edos actuales y aborde otros aspectos como la reducci\u00f3n de las brechas de g\u00e9nero y avanzar en\u00a0 fortalecer el papel de las mujeres en el proceso formativo, tanto desde la docencia como desde el mundo estudiantil\u201d.<\/p>\n<p>Por su parte, la <strong>subsecretaria de Educaci\u00f3n Superior, Ver\u00f3nica Figueroa Huencho<\/strong>, se\u00f1al\u00f3 que el fortalecimiento de la educaci\u00f3n t\u00e9cnico profesional es uno de los ejes del trabajo de la subsecretar\u00eda, y que en este contexto, se busca llevar adelante un trabajo \u201carticulando de manera importante a los distintos actores, Institutos Profesionales y Centros de Formaci\u00f3n T\u00e9cnica, y con una particular atenci\u00f3n en los CFT Estatales (\u2026) con esperanza de que cumplan un rol de articulaci\u00f3n en los territorios. Por eso que en el marco de este aniversario hemos anunciado, entre otros aspectos, el plan de fortalecimiento para estas instituciones\u201d.<\/p>\n<p>En la actividad estuvieron presentes representantes de las instituciones de educaci\u00f3n superior T\u00e9cnico Profesional, del sector productivo, de los trabajadores, rectores de los Centros de Formaci\u00f3n T\u00e9cnica Estatales e Institutos Profesionales, docentes y estudiantes.<\/p>\n<p><strong>Eduardo Cort\u00e9s<\/strong>, profesor de educaci\u00f3n media TP y ganador del Global Teacher Prize Chile 2017 dio su testimonio y destac\u00f3 que \u201cesta modalidad ha sido una oportunidad de crecimiento para miles y miles de chilenos y chilenas a lo largo de la historia, que han optado por tener una formaci\u00f3n profesional. Es importante que siempre sea una bella forma no solo de formar trabajadores, sino de buscar formar buenos ciudadanos, conocedores de la realidad\u201d.<\/p>\n<p>En la instancia tambi\u00e9n particip\u00f3 <strong>Waleska Morales<\/strong>, mec\u00e1nica automotriz, creadora del primer taller mec\u00e1nico femenino del pa\u00eds y directora de Fundaci\u00f3n TECFEM. \u201cCrec\u00ed en una \u00e9poca donde llegaba a ser mal visto estudiar carreras masculinizadas y aun as\u00ed, me atrev\u00ed y me califique como soldador, electromec\u00e1nico industrial, mantenedora mec\u00e1nica en miner\u00eda y en mi amado rubro automotriz y quiero que as\u00ed como yo, cientos de mujeres puedan crecer profesionalmente\u201d.<\/p>\n<p>Este mes, a lo largo de todo el pa\u00eds, el Ministerio de Educaci\u00f3n ha realizado actividades como conversatorios, ferias, charlas, exposiciones, muestras pedag\u00f3gicas, encuentros y distintas instancias de conmemoraci\u00f3n por los 80 a\u00f1os de la educaci\u00f3n TP.<\/p>\n<p>Los ejes de trabajo de la agenda de gobierno para la educaci\u00f3n T\u00e9cnico Profesional apuntan a desarrollar:<\/p>\n<ol>\n<li><strong>Una educaci\u00f3n t\u00e9cnico profesional que se desarrolla desde los territorios<\/strong>, para lo cual se fortalecer\u00e1 la educaci\u00f3n media t\u00e9cnico profesional p\u00fablica y sus redes territoriales, y se implementar\u00e1 un plan de fortalecimiento de los Centros de Formaci\u00f3n T\u00e9cnica Estatales, con financiamiento estable, mejoramiento de infraestructura, robustecimiento de capacidades internas, y perfeccionamiento de los mecanismos de gobernanza.<\/li>\n<li><strong>Una educaci\u00f3n t\u00e9cnico profesional coordinada, participativa y democr\u00e1tica, <\/strong>para lo cual se instalar\u00e1 un comit\u00e9 interministerial conformado por los ministerios de Educaci\u00f3n, Econom\u00eda, Fomento y Turismo, Trabajo y Previsi\u00f3n Social, Mujer y Equidad de G\u00e9nero y Ciencia, Tecnolog\u00eda, Conocimiento e Innovaci\u00f3n, junto con Corfo, Sence y ChileValora. Tambi\u00e9n se incorporar\u00e1 nuevos actores en el Consejo Asesor de Formaci\u00f3n T\u00e9cnico Profesional.<\/li>\n<li><strong>Una educaci\u00f3n t\u00e9cnico profesional para el desarrollo humano sostenible. <\/strong>Para esto impulsaremos un nuevo curr\u00edculum de educaci\u00f3n media t\u00e9cnico profesional, una pol\u00edtica de innovaci\u00f3n y transferencia tecnol\u00f3gica y desarrollaremos una nueva institucionalidad para el Marco de Cualificaciones T\u00e9cnico Profesional.<\/li>\n<\/ol>\n<p><strong>\u00a0<\/strong><\/p>\n","protected":false},"excerpt":{"rendered":"<p>Este a\u00f1o se cumplen 80 a\u00f1os desde que el 26 de agosto de 1942 se creara la Direcci\u00f3n General de Ense\u00f1anza Profesional, bajo la presidencia de Juan Antonio R\u00edos. En ese contexto, el ministro de Educaci\u00f3n, Marco Antonio \u00c1vila present\u00f3 la \u201cAgenda de Educaci\u00f3n T\u00e9cnico Profesional\u201d del Gobierno del Presidente<\/p>\n","protected":false},"author":1,"featured_media":1471,"comment_status":"closed","ping_status":"open","sticky":false,"template":"","format":"standard","meta":{"footnotes":""},"categories":[40],"tags":[],"class_list":["post-1470","post","type-post","status-publish","format-standard","has-post-thumbnail","hentry","category-secreduc_iv"],"_links":{"self":[{"href":"https:\/\/minutaregional.cl\/index.php?rest_route=\/wp\/v2\/posts\/1470","targetHints":{"allow":["GET"]}}],"collection":[{"href":"https:\/\/minutaregional.cl\/index.php?rest_route=\/wp\/v2\/posts"}],"about":[{"href":"https:\/\/minutaregional.cl\/index.php?rest_route=\/wp\/v2\/types\/post"}],"author":[{"embeddable":true,"href":"https:\/\/minutaregional.cl\/index.php?rest_route=\/wp\/v2\/users\/1"}],"replies":[{"embeddable":true,"href":"https:\/\/minutaregional.cl\/index.php?rest_route=%2Fwp%2Fv2%2Fcomments&post=1470"}],"version-history":[{"count":1,"href":"https:\/\/minutaregional.cl\/index.php?rest_route=\/wp\/v2\/posts\/1470\/revisions"}],"predecessor-version":[{"id":1472,"href":"https:\/\/minutaregional.cl\/index.php?rest_route=\/wp\/v2\/posts\/1470\/revisions\/1472"}],"wp:featuredmedia":[{"embeddable":true,"href":"https:\/\/minutaregional.cl\/index.php?rest_route=\/wp\/v2\/media\/1471"}],"wp:attachment":[{"href":"https:\/\/minutaregional.cl\/index.php?rest_route=%2Fwp%2Fv2%2Fmedia&parent=1470"}],"wp:term":[{"taxonomy":"category","embeddable":true,"href":"https:\/\/minutaregional.cl\/index.php?rest_route=%2Fwp%2Fv2%2Fcategories&post=1470"},{"taxonomy":"post_tag","embeddable":true,"href":"https:\/\/minutaregional.cl\/index.php?rest_route=%2Fwp%2Fv2%2Ftags&post=1470"}],"curies":[{"name":"wp","href":"https:\/\/api.w.org\/{rel}","templated":true}]}}