{"id":1467,"date":"2022-08-27T15:05:34","date_gmt":"2022-08-27T15:05:34","guid":{"rendered":"https:\/\/minutaregional.cl\/?p=1467"},"modified":"2022-08-27T15:05:34","modified_gmt":"2022-08-27T15:05:34","slug":"diputado-manouchehri-intentar-vincular-al-gobierno-con-el-terrorismo-es-ridiculo-y-mala-leche","status":"publish","type":"post","link":"https:\/\/minutaregional.cl\/?p=1467","title":{"rendered":"Diputado Manouchehri: \u201cIntentar vincular al gobierno con el terrorismo es rid\u00edculo y mala leche\u201d"},"content":{"rendered":"<p>En su paso por la regi\u00f3n de Atacama, el Presidente Gabriel Boric asegur\u00f3 que no ha mandatado a ning\u00fan funcionario de gobierno para contactarse con H\u00e9ctor Llaitul, l\u00edder de la Coordinadora Arauco Malleco (CAM).<\/p>\n<p>El diputado socialista Daniel Manouchehri defendi\u00f3 al gobierno de los dichos que indican un nexo directo entre la organizaci\u00f3n y el Ejecutivo. \u201cVincular al gobierno con los actos terroristas en el sur es rid\u00edculo y mala leche. M\u00e1s a\u00fan conocidas las interceptaciones telef\u00f3nicas del propio se\u00f1or Llaitul, donde dice que le tiene mala al presidente Gabriel Boric y que teme que este gobierno atente en contra de \u00e9l\u201d, destac\u00f3.<\/p>\n<p>En esa l\u00ednea, el legislador de la Regi\u00f3n de Coquimbo indic\u00f3 que \u201ceste tipo de v\u00ednculos s\u00f3lo existen en la mente malintencionada de algunas personas\u201d.<\/p>\n<p>&nbsp;<\/p>\n","protected":false},"excerpt":{"rendered":"<p>En su paso por la regi\u00f3n de Atacama, el Presidente Gabriel Boric asegur\u00f3 que no ha mandatado a ning\u00fan funcionario de gobierno para contactarse con H\u00e9ctor Llaitul, l\u00edder de la Coordinadora Arauco Malleco (CAM). El diputado socialista Daniel Manouchehri defendi\u00f3 al gobierno de los dichos que indican un nexo directo<\/p>\n","protected":false},"author":1,"featured_media":1468,"comment_status":"closed","ping_status":"open","sticky":false,"template":"","format":"standard","meta":{"footnotes":""},"categories":[26],"tags":[],"class_list":["post-1467","post","type-post","status-publish","format-standard","has-post-thumbnail","hentry","category-camara-de-diputadas-y-diputados"],"_links":{"self":[{"href":"https:\/\/minutaregional.cl\/index.php?rest_route=\/wp\/v2\/posts\/1467","targetHints":{"allow":["GET"]}}],"collection":[{"href":"https:\/\/minutaregional.cl\/index.php?rest_route=\/wp\/v2\/posts"}],"about":[{"href":"https:\/\/minutaregional.cl\/index.php?rest_route=\/wp\/v2\/types\/post"}],"author":[{"embeddable":true,"href":"https:\/\/minutaregional.cl\/index.php?rest_route=\/wp\/v2\/users\/1"}],"replies":[{"embeddable":true,"href":"https:\/\/minutaregional.cl\/index.php?rest_route=%2Fwp%2Fv2%2Fcomments&post=1467"}],"version-history":[{"count":1,"href":"https:\/\/minutaregional.cl\/index.php?rest_route=\/wp\/v2\/posts\/1467\/revisions"}],"predecessor-version":[{"id":1469,"href":"https:\/\/minutaregional.cl\/index.php?rest_route=\/wp\/v2\/posts\/1467\/revisions\/1469"}],"wp:featuredmedia":[{"embeddable":true,"href":"https:\/\/minutaregional.cl\/index.php?rest_route=\/wp\/v2\/media\/1468"}],"wp:attachment":[{"href":"https:\/\/minutaregional.cl\/index.php?rest_route=%2Fwp%2Fv2%2Fmedia&parent=1467"}],"wp:term":[{"taxonomy":"category","embeddable":true,"href":"https:\/\/minutaregional.cl\/index.php?rest_route=%2Fwp%2Fv2%2Fcategories&post=1467"},{"taxonomy":"post_tag","embeddable":true,"href":"https:\/\/minutaregional.cl\/index.php?rest_route=%2Fwp%2Fv2%2Ftags&post=1467"}],"curies":[{"name":"wp","href":"https:\/\/api.w.org\/{rel}","templated":true}]}}