{"id":1464,"date":"2022-08-25T16:37:19","date_gmt":"2022-08-25T16:37:19","guid":{"rendered":"https:\/\/minutaregional.cl\/?p=1464"},"modified":"2022-08-25T16:37:19","modified_gmt":"2022-08-25T16:37:19","slug":"sag-refuerza-llamado-a-productores-as-a-realizar-declaracion-de-existencia-animal","status":"publish","type":"post","link":"https:\/\/minutaregional.cl\/?p=1464","title":{"rendered":"SAG refuerza llamado a productores\/as a realizar Declaraci\u00f3n de Existencia Animal"},"content":{"rendered":"<p>Despliegue territorial y acompa\u00f1amiento en el proceso digital, forma parte de las acciones impulsadas por la entidad del Ministerio de Agricultura para apoyar a campesinos y campesinas en dicho tr\u00e1mite.<\/p>\n<p>Poder acompa\u00f1ar y apoyar a los campesinos y campesinas a obtener la Declaraci\u00f3n de Existencia Animal (DEA), ha guiado el trabajo desarrollado por funcionarios\/as del Servicio Agr\u00edcola y Ganadero en este \u00faltimo mes.<\/p>\n<p>Con un despliegue en terreno y coordinaciones con otros servicios del agro y entidades. El Ministerio de Agricultura ha impulsado un refuerzo al llamado para que los productores\/as ganaderos declaren la totalidad de animales existentes en su predio seg\u00fan especie y categor\u00eda, ya sean bovinos, ovinos, porcinos, conejos, caprinos, caballares, aves de corral, entre otros.<\/p>\n<p>Como es el caso de la reciente visita al Lago Ohiggins, en donde con el apoyo de la Armada de Chile y en el marco del Programa Ovino que lidera la Seremi de Agricultura, se pudo concretar la visita a productores\/as de estos sectores y posibilitar el llenado del formulario en terreno.<\/p>\n<p>La regi\u00f3n de Ays\u00e9n es extensa, lugares bastante lejanos y de dif\u00edcil acceso en temporada de invierno, es por eso que nosotros como servicio debemos acercarnos a todos los sectores para apoyar y cumplir con el rol de servidores p\u00fablicos, sostuvo la Directora (S) del SAG, Valeria Carrasco.<\/p>\n<p>Trabajo de apoyo a los productores\/as que se realiza en coordinaci\u00f3n entre las oficinas regionales de Coyhaique, Puerto Ays\u00e9n, Chile Chico y Cochrane y en coordinaci\u00f3n con los organismos del agro. Tal es el caso de la reciente entrega de alimento concentrado en sectores como Rodeo los Palos o Alto Ma\u00f1ihuales, donde funcionarios del SAG, participaron apoyando en el llenado del formulario a campesinos\/as que participaron en esta entrega de insumos propiciada desde la Seremi de Agricultura e INDAP.<\/p>\n","protected":false},"excerpt":{"rendered":"<p>Despliegue territorial y acompa\u00f1amiento en el proceso digital, forma parte de las acciones impulsadas por la entidad del Ministerio de Agricultura para apoyar a campesinos y campesinas en dicho tr\u00e1mite. Poder acompa\u00f1ar y apoyar a los campesinos y campesinas a obtener la Declaraci\u00f3n de Existencia Animal (DEA), ha guiado el<\/p>\n","protected":false},"author":1,"featured_media":1465,"comment_status":"closed","ping_status":"open","sticky":false,"template":"","format":"standard","meta":{"footnotes":""},"categories":[44],"tags":[],"class_list":["post-1464","post","type-post","status-publish","format-standard","has-post-thumbnail","hentry","category-sag"],"_links":{"self":[{"href":"https:\/\/minutaregional.cl\/index.php?rest_route=\/wp\/v2\/posts\/1464","targetHints":{"allow":["GET"]}}],"collection":[{"href":"https:\/\/minutaregional.cl\/index.php?rest_route=\/wp\/v2\/posts"}],"about":[{"href":"https:\/\/minutaregional.cl\/index.php?rest_route=\/wp\/v2\/types\/post"}],"author":[{"embeddable":true,"href":"https:\/\/minutaregional.cl\/index.php?rest_route=\/wp\/v2\/users\/1"}],"replies":[{"embeddable":true,"href":"https:\/\/minutaregional.cl\/index.php?rest_route=%2Fwp%2Fv2%2Fcomments&post=1464"}],"version-history":[{"count":1,"href":"https:\/\/minutaregional.cl\/index.php?rest_route=\/wp\/v2\/posts\/1464\/revisions"}],"predecessor-version":[{"id":1466,"href":"https:\/\/minutaregional.cl\/index.php?rest_route=\/wp\/v2\/posts\/1464\/revisions\/1466"}],"wp:featuredmedia":[{"embeddable":true,"href":"https:\/\/minutaregional.cl\/index.php?rest_route=\/wp\/v2\/media\/1465"}],"wp:attachment":[{"href":"https:\/\/minutaregional.cl\/index.php?rest_route=%2Fwp%2Fv2%2Fmedia&parent=1464"}],"wp:term":[{"taxonomy":"category","embeddable":true,"href":"https:\/\/minutaregional.cl\/index.php?rest_route=%2Fwp%2Fv2%2Fcategories&post=1464"},{"taxonomy":"post_tag","embeddable":true,"href":"https:\/\/minutaregional.cl\/index.php?rest_route=%2Fwp%2Fv2%2Ftags&post=1464"}],"curies":[{"name":"wp","href":"https:\/\/api.w.org\/{rel}","templated":true}]}}