{"id":1458,"date":"2022-08-25T00:13:51","date_gmt":"2022-08-25T00:13:51","guid":{"rendered":"https:\/\/minutaregional.cl\/?p=1458"},"modified":"2022-08-25T00:15:25","modified_gmt":"2022-08-25T00:15:25","slug":"autoridades-regionales-destacan-dialogo-y-gradualidad-en-indicaciones-al-proyecto-de-ley-de-jornada-laboral-de-40-horas","status":"publish","type":"post","link":"https:\/\/minutaregional.cl\/?p=1458","title":{"rendered":"Autoridades regionales destacan di\u00e1logo y gradualidad en indicaciones al proyecto de ley de jornada laboral de 40 horas"},"content":{"rendered":"<audio class=\"wp-audio-shortcode\" id=\"audio-1458-1\" preload=\"none\" style=\"width: 100%;\" controls=\"controls\"><source type=\"audio\/mpeg\" src=\"https:\/\/minutaregional.cl\/wp-content\/uploads\/2022\/08\/SeremiTrab_Gradualidad.mp3?_=1\" \/><a href=\"https:\/\/minutaregional.cl\/wp-content\/uploads\/2022\/08\/SeremiTrab_Gradualidad.mp3\">https:\/\/minutaregional.cl\/wp-content\/uploads\/2022\/08\/SeremiTrab_Gradualidad.mp3<\/a><\/audio>\n<p>AUDIO : SEREMI DEL TRABAJO<\/p>\n<p>En las indicaciones se consideraron como insumos las Mesas T\u00e9cnicas que se han realizado en cada una de las regiones con opiniones de sindicatos, gremios y academia, teniendo como foco la calidad de vida de los trabajadores y con una gradualidad de implementaci\u00f3n -desde su aprobaci\u00f3n- de 5 a\u00f1os.<\/p>\n<p>El d\u00eda de ayer el Presidente Gabriel Boric junto a las ministras del Trabajo y Previsi\u00f3n Social, Jeannette Jara, y vocera de Gobierno, Camila Vallejo, anunciaron las indicaciones realizadas al proyecto de ley que modifica el C\u00f3digo del Trabajo para reducir la jornada laboral a 40 horas, d\u00e1ndole suma urgencia. En un punto de prensa, el Delegado Presidencial Regional, Rodrigo Araya, junto a los Seremis de Trabajo y Previsi\u00f3n Social, Rodrigo D\u00edaz y de Econom\u00eda, Fomento y Turismo, Rosa Machac\u00e1n, se refirieron a esta iniciativa, profundizando en algunos aspectos.<\/p>\n<p>\u201cEste es un proyecto que nuestro Gobierno le ha dado suma urgencia. Recordemos que este proyecto ingres\u00f3 a la C\u00e1mara de Diputados el a\u00f1o 2017, que pas\u00f3 a la Comisi\u00f3n de Trabajo del Senado el a\u00f1o 2019 y de ah\u00ed que ha estado detenido y por eso es importante estas nuevas indicaciones. Nos parece que es tremendamente importante avanzar en el trabajo decente de nuestro pa\u00eds. Estas son indicaciones que van a afectar a las empresas con C\u00f3digo del Trabajo. Esto es un proceso que el Gobierno ha llevado a cabo con los expertos en la materia. Se han hecho estudios en ocho pa\u00edses que han tenido reducci\u00f3n de jornada en el mundo en los \u00faltimos a\u00f1os y que ha demostrado que justamente esas medidas, con gradualidad y con di\u00e1logo social con los empleadores y con los empleados, es lo que garantiza el \u00e9xito de la medida y que se transforme justamente en lo que nosotros queremos que las personas puedan tener m\u00e1s tiempo para estar en familia, para hacer sus actividades y eso redunda en mejor satisfacci\u00f3n, tambi\u00e9n en su en sus lugares de trabajo\u201d, afirm\u00f3 el Delegado Presidencial Regional Rodrigo Araya.<\/p>\n<p>El Seremi Rodrigo D\u00edaz afirm\u00f3 sobre las indicaciones al proyecto de ley, \u201cEsta es una gran noticia, un proyecto emblem\u00e1tico para el Gobierno del Presidente Boric, la reducci\u00f3n de la jornada laboral a las 40 horas. Este proyecto busca mejorar la calidad de vida de los trabajadores, resguardar el empleo y tambi\u00e9n dar tiempo a las empresas para que se puedan acomodar a este nuevo escenario laboral. Al ver la reacci\u00f3n de los distintos empresarios, en general, todos apoyan esta iniciativa, pero s\u00ed se insiste -y en eso el Gobierno va a apoyar- en la gradualidad y reconocer los distintos sectores productivos. Tambi\u00e9n destacar que esto se ha hecho con todos, con los empresarios, con los trabajadores y el Gobierno\u201d. Junto a ello, la autoridad laboral coment\u00f3 el nuevo impulso que tendr\u00e1 el ya existente Sello 40 Horas, \u201cEl Sello de las 40 Horas es importante porque aqu\u00ed hay empresas, hay trabajadores que hoy d\u00eda est\u00e1n trabajando 40 horas y algunos 39 y eso demuestra que el C\u00f3digo del Trabajo que se va a modificar, puede ser un piso, hay empresas que lo est\u00e1n haciendo, va a haber apoyo para las peque\u00f1as y medianas empresas, el Sello 40 Horas adem\u00e1s va a servir para que puedan tener un puntaje adicional cuando postulen a Corfo y Sercotec. El Gobierno va a estar acompa\u00f1ando, nunca va a dejar solos a las empresas y reitero, buscando mejorar la calidad de vida de los trabajadores, que esto signifique que tengan m\u00e1s tiempo libre, para ellos y sus familias\u201d.<\/p>\n<p>Uno de los principales temas que ha generado consenso, es la gradualidad, al respecto el Seremi Rodrigo D\u00edaz detall\u00f3, \u201cLa gradualidad es un tema importante, esto no va a ser a raja tabla, sino que al primer a\u00f1o se reducir\u00eda 1 hora, quedar\u00eda la jornada en 44; al tercer a\u00f1o, a 42 y al quinto a\u00f1o, se completar\u00edan las 40 horas. Adem\u00e1s, distinguiendo distintos sectores productivos de acuerdo a sus particularidades\u201d, afirm\u00f3 el Seremi de Trabajo y Previsi\u00f3n Social.<\/p>\n<p>Desde el punto de vista del apoyo a las Mipes, la Seremi Rosa Machac\u00e1n mencion\u00f3, \u201cEste proyecto y las indicaciones que se han ingresado tienen dos focos principales para ir avanzando en conjunto con las micro, peque\u00f1as y medianas empresas del pa\u00eds y de la Regi\u00f3n de Ays\u00e9n. Por un lado, la gradualidad que indicaba el Seremi, la adaptabilidad, que tambi\u00e9n es un concepto que se adapta al proceso productivo de cada uno de los sectores. Y, por otro lado, los incentivos positivos. Tenemos el Sello de 40 horas que est\u00e1n entregando algunas empresas que ya se han adelantado a esta normativa y tambi\u00e9n incentivo positivo para para acceder a beneficios de Corfo y de Sercotec. Pero adem\u00e1s de eso, el Ministerio de Econom\u00eda, en conjunto con el Ministerio de Hacienda, estamos trabajando en una agenda de productividad que va a permitir que finalmente esta menor cantidad de horas que se van a trabajar tambi\u00e9n puedan generar la misma cantidad de productos o de servicios de una manera m\u00e1s productiva. Esto va a ser un trabajo conjunto. Se han establecido diferentes mesas de trabajo con empresas de menor tama\u00f1o a nivel nacional y se han logrado grandes acuerdos, como tambi\u00e9n recordamos el subsidio al salario m\u00ednimo y esto tambi\u00e9n va a ser un pie de c\u00f3mo avanzar en este proceso de colaboraci\u00f3n\u201d, dijo la Seremi de Econom\u00eda, Fomento y Turismo.<\/p>\n<p>Principales indicaciones<br \/>\nAdem\u00e1s de la gradualidad a 5 a\u00f1os mencionada por las autoridades regionales, se incorporan modificaciones a la regulaci\u00f3n sobre exclusi\u00f3n de la limitaci\u00f3n de jornada, jornada parcial y jornadas excepcionales.<\/p>\n<p>Tambi\u00e9n hay indicaciones que apuntan a generar descanso efectivo y a medidas de corresponsabilidad. Sobre la primera, se orienta a casos espec\u00edficos donde no sea posible materializar una disminuci\u00f3n efectiva de horas de la jornada, se generar\u00e1n mecanismos de compensaci\u00f3n, como d\u00edas libres. En el caso del segundo punto, la reducci\u00f3n de horas de trabajo debe ir acompa\u00f1ada de medidas de corresponsabilidad social con enfoque de g\u00e9nero, que enfrenten la desigual repartici\u00f3n de las tareas de cuidados y del trabajo no remunerado, el que recae principalmente en las mujeres.<\/p>\n<p>Se incorpora el establecimiento de bandas horarias de ingreso y salida de las empresas, para otorgar un derecho a los padres y madres cuidadoras de ni\u00f1os\/as menores de 12 a\u00f1os. Una compensaci\u00f3n de trabajo extraordinario por d\u00edas de feriado adicional para atender aspectos de cuidado; y -a trav\u00e9s de la organizaci\u00f3n sindical- la compensaci\u00f3n de trabajo extraordinario por d\u00edas de libre disposici\u00f3n.<\/p>\n<p>Sobre el sector p\u00fablico, el Delegado Regional Presidencial asever\u00f3 \u201cSe va a hacer justamente una mesa de conversaciones con sector p\u00fablico, pensando en particular con el sector de salud y educaci\u00f3n, que tiene caracter\u00edsticas distintas, para avanzar tambi\u00e9n en este tema de la reducci\u00f3n laboral\u201d, indic\u00f3 Rodrigo Araya.<\/p>\n","protected":false},"excerpt":{"rendered":"<p>AUDIO : SEREMI DEL TRABAJO En las indicaciones se consideraron como insumos las Mesas T\u00e9cnicas que se han realizado en cada una de las regiones con opiniones de sindicatos, gremios y academia, teniendo como foco la calidad de vida de los trabajadores y con una gradualidad de implementaci\u00f3n -desde su<\/p>\n","protected":false},"author":1,"featured_media":1459,"comment_status":"closed","ping_status":"open","sticky":false,"template":"","format":"standard","meta":{"footnotes":""},"categories":[1],"tags":[],"class_list":["post-1458","post","type-post","status-publish","format-standard","has-post-thumbnail","hentry","category-noticias-regionales"],"_links":{"self":[{"href":"https:\/\/minutaregional.cl\/index.php?rest_route=\/wp\/v2\/posts\/1458","targetHints":{"allow":["GET"]}}],"collection":[{"href":"https:\/\/minutaregional.cl\/index.php?rest_route=\/wp\/v2\/posts"}],"about":[{"href":"https:\/\/minutaregional.cl\/index.php?rest_route=\/wp\/v2\/types\/post"}],"author":[{"embeddable":true,"href":"https:\/\/minutaregional.cl\/index.php?rest_route=\/wp\/v2\/users\/1"}],"replies":[{"embeddable":true,"href":"https:\/\/minutaregional.cl\/index.php?rest_route=%2Fwp%2Fv2%2Fcomments&post=1458"}],"version-history":[{"count":2,"href":"https:\/\/minutaregional.cl\/index.php?rest_route=\/wp\/v2\/posts\/1458\/revisions"}],"predecessor-version":[{"id":1462,"href":"https:\/\/minutaregional.cl\/index.php?rest_route=\/wp\/v2\/posts\/1458\/revisions\/1462"}],"wp:featuredmedia":[{"embeddable":true,"href":"https:\/\/minutaregional.cl\/index.php?rest_route=\/wp\/v2\/media\/1459"}],"wp:attachment":[{"href":"https:\/\/minutaregional.cl\/index.php?rest_route=%2Fwp%2Fv2%2Fmedia&parent=1458"}],"wp:term":[{"taxonomy":"category","embeddable":true,"href":"https:\/\/minutaregional.cl\/index.php?rest_route=%2Fwp%2Fv2%2Fcategories&post=1458"},{"taxonomy":"post_tag","embeddable":true,"href":"https:\/\/minutaregional.cl\/index.php?rest_route=%2Fwp%2Fv2%2Ftags&post=1458"}],"curies":[{"name":"wp","href":"https:\/\/api.w.org\/{rel}","templated":true}]}}