{"id":1451,"date":"2022-08-24T22:01:50","date_gmt":"2022-08-24T22:01:50","guid":{"rendered":"https:\/\/minutaregional.cl\/?p=1451"},"modified":"2022-08-24T22:01:50","modified_gmt":"2022-08-24T22:01:50","slug":"mas-de-45-mil-ejemplares-de-la-propuesta-constitucional-se-han-distribuido-en-la-region-de-coquimbo","status":"publish","type":"post","link":"https:\/\/minutaregional.cl\/?p=1451","title":{"rendered":"M\u00e1s de 45 mil ejemplares de la propuesta constitucional se han distribuido en la Regi\u00f3n de Coquimbo"},"content":{"rendered":"<p>Fomentando el esp\u00edritu inclusivo del proceso, se le hizo entrega a la Biblioteca Regional, Gabriela Mistral, de una copia en braile y textos para quienes lo requieran<\/p>\n<p>M\u00e1s de cuarenta y cinco mil ejemplares de la propuesta de la nueva Constituci\u00f3n se han entregado, gratuitamente, en la Regi\u00f3n de Coquimbo, en el marco de la campa\u00f1a \u201cChile Vota Informado\u201d. Esta iniciativa busca que la ciudadan\u00eda est\u00e9 informada de cara al plebiscito del pr\u00f3ximo 4 de septiembre.<\/p>\n<p>El Vocero Regional, Fernando Viveros, destac\u00f3 el gran inter\u00e9s de la comunidad por acceder a un texto y contar con detalles de primera fuente sobre la propuesta.<\/p>\n<p>\u201cEstamos muy contentos por la excelente recepci\u00f3n que tienen nuestros operativos para llevar el texto de la propuesta de nueva constituci\u00f3n a las personas. Esto nos demuestra el gran inter\u00e9s de los ciudadanos y ciudadanas por conocer de primera mano lo presentado y, sin duda, nos motiva, como equipo, a seguir fortaleciendo la campa\u00f1a de voto informado, para que este 4 de septiembre todos puedan ejercer su derecho a voto de manera libre e informada\u201d, expres\u00f3 el Seremi de Gobierno, Fernando Viveros.<\/p>\n<p>FORMATO INCLUSIVO LLEGA A LA ZONA. La autoridad explic\u00f3 que los esfuerzos del Gobierno se han centrado en facilitar el acceso a la propuesta constitucional a trav\u00e9s de diversos formatos, por ejemplo, se puede descargar en chilevotainformado.cl; escuchar a trav\u00e9s de la plataforma de Spotify en el canal de Gobierno de Chile; y est\u00e1 disponible para retiro en f\u00edsico en las oficinas de la Seremi de Gobierno, de Desarrollo Social y, tambi\u00e9n, para leer en braile en la biblioteca Regional Gabriela Mistral.<br \/>\n\u201cSeguimos en el mandato de distribuir, de llegar con los textos a los lugares m\u00e1s rec\u00f3nditos y tambi\u00e9n a los grupos que se han ido quedando atr\u00e1s en el acceso y, por eso, es que hoy d\u00eda entregar este ejemplar en braile, ac\u00e1 en la biblioteca regional, creo que es un paso y una invitaci\u00f3n a toda la comunidad ciega a que pueda venir a informarse como la propuesta plantea temas de derechos sociales a grupos que tenemos que incluir con mucha m\u00e1s fuerza\u201d, se\u00f1al\u00f3 el Seremi, Fernando Viveros.<\/p>\n<p>Por su parte, Mar\u00eda Laura Juica, integrante de la organizaci\u00f3n Acaluces de La Serena, valor\u00f3 que se integre esta opci\u00f3n para informarse sobre la propuesta. \u201cMe parece excelente, porque as\u00ed podemos tener mejor acceso, ya que a medida que uno va leyendo se le hace m\u00e1s f\u00e1cil captar cu\u00e1les son los datos m\u00e1s importantes\u201d.<\/p>\n<p>Asimismo, Marcela Ogalde de la agrupaci\u00f3n Ulivis, indic\u00f3 que \u201ces una excelente idea, porque hoy la gente est\u00e1 buscando la informaci\u00f3n y no podemos quedar exentos de eso, las personas que tenemos discapacidad visual. Espero que dentro de estos d\u00edas muchas personas puedan acercarse e informarse\u201d.<\/p>\n<p>Paloma Soto, directora interina de la Biblioteca Regional Gabriela Mistral, destac\u00f3 que este centro de conocimientos \u201ces m\u00e1s que libros, es un espacio de integraci\u00f3n y de comunidad, por ende en un proceso tan relevante, como el plebiscito de salida, es importante que la gente pueda votar informada y qu\u00e9 mejor que en un espacio p\u00fablico puedan acceder al documento sobre el que se va a votar y mejor a\u00fan disponer de una copia en braile para las personas con alg\u00fan tipo de discapacidad visual\u201d.<\/p>\n<p>Para finalizar el Vocero Regional llam\u00f3 a la comunidad a visitar la Biblioteca Regional para consultar por las propuestas y a continuar con los retiros de textos en las oficinas de la Seremi de Gobierno, ubicada en Brasil 330, La Serena.<\/p>\n","protected":false},"excerpt":{"rendered":"<p>Fomentando el esp\u00edritu inclusivo del proceso, se le hizo entrega a la Biblioteca Regional, Gabriela Mistral, de una copia en braile y textos para quienes lo requieran M\u00e1s de cuarenta y cinco mil ejemplares de la propuesta de la nueva Constituci\u00f3n se han entregado, gratuitamente, en la Regi\u00f3n de Coquimbo,<\/p>\n","protected":false},"author":1,"featured_media":1452,"comment_status":"closed","ping_status":"open","sticky":false,"template":"","format":"standard","meta":{"footnotes":""},"categories":[9],"tags":[],"class_list":["post-1451","post","type-post","status-publish","format-standard","has-post-thumbnail","hentry","category-subderecoquimbo"],"_links":{"self":[{"href":"https:\/\/minutaregional.cl\/index.php?rest_route=\/wp\/v2\/posts\/1451","targetHints":{"allow":["GET"]}}],"collection":[{"href":"https:\/\/minutaregional.cl\/index.php?rest_route=\/wp\/v2\/posts"}],"about":[{"href":"https:\/\/minutaregional.cl\/index.php?rest_route=\/wp\/v2\/types\/post"}],"author":[{"embeddable":true,"href":"https:\/\/minutaregional.cl\/index.php?rest_route=\/wp\/v2\/users\/1"}],"replies":[{"embeddable":true,"href":"https:\/\/minutaregional.cl\/index.php?rest_route=%2Fwp%2Fv2%2Fcomments&post=1451"}],"version-history":[{"count":1,"href":"https:\/\/minutaregional.cl\/index.php?rest_route=\/wp\/v2\/posts\/1451\/revisions"}],"predecessor-version":[{"id":1453,"href":"https:\/\/minutaregional.cl\/index.php?rest_route=\/wp\/v2\/posts\/1451\/revisions\/1453"}],"wp:featuredmedia":[{"embeddable":true,"href":"https:\/\/minutaregional.cl\/index.php?rest_route=\/wp\/v2\/media\/1452"}],"wp:attachment":[{"href":"https:\/\/minutaregional.cl\/index.php?rest_route=%2Fwp%2Fv2%2Fmedia&parent=1451"}],"wp:term":[{"taxonomy":"category","embeddable":true,"href":"https:\/\/minutaregional.cl\/index.php?rest_route=%2Fwp%2Fv2%2Fcategories&post=1451"},{"taxonomy":"post_tag","embeddable":true,"href":"https:\/\/minutaregional.cl\/index.php?rest_route=%2Fwp%2Fv2%2Ftags&post=1451"}],"curies":[{"name":"wp","href":"https:\/\/api.w.org\/{rel}","templated":true}]}}