{"id":1448,"date":"2022-08-24T20:36:31","date_gmt":"2022-08-24T20:36:31","guid":{"rendered":"https:\/\/minutaregional.cl\/?p=1448"},"modified":"2022-08-24T20:36:31","modified_gmt":"2022-08-24T20:36:31","slug":"asociacion-de-comunidades-agricolas-de-limari-celebra-nuevo-aniversario-destacando-el-trabajo-y-liderazgo-femenino","status":"publish","type":"post","link":"https:\/\/minutaregional.cl\/?p=1448","title":{"rendered":"Asociaci\u00f3n de Comunidades Agr\u00edcolas de Limar\u00ed Celebra Nuevo Aniversario Destacando el Trabajo y Liderazgo Femenino"},"content":{"rendered":"<p style=\"text-align: justify;\"><em>Esta asociaci\u00f3n gremial re\u00fane a m\u00e1s de 50 de las 117 comunidades existentes en la provincia de Limar\u00ed.<\/em><\/p>\n<p style=\"text-align: justify;\">En la Casa del Comunero en la comuna de Ovalle, la Asociaci\u00f3n de Comunidades Agr\u00edcolas de la provincia de Limar\u00ed, encabezada por su presidenta Mirtha Gallardo Saavedra, conmemor\u00f3 el aniversario N\u00ba 33 junto dirigentes, comuneros, comuneras y autoridades, destacando la trayectoria de los fundadores y de las mujeres que han sido protagonistas durante los \u00faltimos a\u00f1os.<\/p>\n<p style=\"text-align: justify;\">La Asociaci\u00f3n Gremial de Comunidades Agr\u00edcolas de Limar\u00ed, fue fundada el 23 de agosto de 1989 y cumple una labor fundamental para promoci\u00f3n, capacitaci\u00f3n, desarrollo y protecci\u00f3n de las actividades del mundo rural campesino.<\/p>\n<p style=\"text-align: justify;\">Mirtha Gallardo, presidenta de la organizaci\u00f3n mostr\u00f3 su satisfacci\u00f3n por la actividad, que cont\u00f3 con representantes de la Municipalidad, Gobierno Regional, comunidades agr\u00edcolas de Elqui y del Seremi de Bienes Nacionales Marcelo Salazar, Seremi de Agricultura Hern\u00e1n Saavedra, el Senador Daniel N\u00fa\u00f1ez y la directora regional de Indap (S) Tonya Romero.<\/p>\n<p style=\"text-align: justify;\">\u201cEl que esta organizaci\u00f3n est\u00e9 funcionando, se encuentre activa, tiene que ver con su principal l\u00ednea estrat\u00e9gica que es la educaci\u00f3n y la capacitaci\u00f3n. El capital social, es lo m\u00e1s importante que tienen las comunidades agr\u00edcolas, esto es lo que nos hace seguir luchando y lo que nos motiv\u00f3 a fundar esta asociaci\u00f3n un 23 de agosto de 1989, con temas que tienen que ver con la defensa del agua, la tierra y la forma de vida que tenemos los campesinos y comuneros\u201d, indic\u00f3 Gallardo.<\/p>\n<p style=\"text-align: justify;\">El\u00a0 Decreto con Fuerza de Ley\u00a0 N\u00ba5 que regula las Comunidades Agr\u00edcolas, encomienda al Ministerio de Bienes Nacionales, una serie de funciones que apuntan\u00a0 a fortalecer el trabajo comunitario de estas organizaciones tan representativas de la regi\u00f3n de Coquimbo.<\/p>\n<p style=\"text-align: justify;\">En ese sentido, el Seremi Marcelo Salazar se\u00f1al\u00f3 que \u201ces un honor participar en esta celebraci\u00f3n, fue un encuentro hermoso, con mucha historia y cari\u00f1o. Tenemos un desaf\u00edo muy grande como Bienes Nacionales de seguir trabajando junto a nuestra Oficina T\u00e9cnica de Comunidades Agr\u00edcolas, vamos a postular algunos programas y proyectos que beneficiaran a todas las comunidades de la regi\u00f3n\u201d.<\/p>\n<p style=\"text-align: justify;\">Finalmente, el senador Daniel N\u00fa\u00f1ez destac\u00f3 la importancia de las comunidades agr\u00edcolas para la regi\u00f3n. \u201cSon una organizaci\u00f3n fundamental en el mundo rural, es parte de nuestra identidad. En nuestra regi\u00f3n ponen a disposici\u00f3n sus terrenos para obras sociales y obras que van en directo beneficio de las localidades. Creemos que es muy importante el apoyo a las comunidades y la dignificaci\u00f3n de la vida rural\u201d.<\/p>\n<p style=\"text-align: justify;\">En la regi\u00f3n existen 177 comunidades agr\u00edcolas repartidas en las\u00a0 provincias de Elqui, Limar\u00ed y Choapa, que representan el 95% del total de las comunidades del pa\u00eds, ocupando la cuarta parte del territorio.<\/p>\n","protected":false},"excerpt":{"rendered":"<p>Esta asociaci\u00f3n gremial re\u00fane a m\u00e1s de 50 de las 117 comunidades existentes en la provincia de Limar\u00ed. En la Casa del Comunero en la comuna de Ovalle, la Asociaci\u00f3n de Comunidades Agr\u00edcolas de la provincia de Limar\u00ed, encabezada por su presidenta Mirtha Gallardo Saavedra, conmemor\u00f3 el aniversario N\u00ba 33<\/p>\n","protected":false},"author":1,"featured_media":1449,"comment_status":"closed","ping_status":"open","sticky":false,"template":"","format":"standard","meta":{"footnotes":""},"categories":[26,48],"tags":[],"class_list":["post-1448","post","type-post","status-publish","format-standard","has-post-thumbnail","hentry","category-camara-de-diputadas-y-diputados","category-seremi-bines-nacionales"],"_links":{"self":[{"href":"https:\/\/minutaregional.cl\/index.php?rest_route=\/wp\/v2\/posts\/1448","targetHints":{"allow":["GET"]}}],"collection":[{"href":"https:\/\/minutaregional.cl\/index.php?rest_route=\/wp\/v2\/posts"}],"about":[{"href":"https:\/\/minutaregional.cl\/index.php?rest_route=\/wp\/v2\/types\/post"}],"author":[{"embeddable":true,"href":"https:\/\/minutaregional.cl\/index.php?rest_route=\/wp\/v2\/users\/1"}],"replies":[{"embeddable":true,"href":"https:\/\/minutaregional.cl\/index.php?rest_route=%2Fwp%2Fv2%2Fcomments&post=1448"}],"version-history":[{"count":1,"href":"https:\/\/minutaregional.cl\/index.php?rest_route=\/wp\/v2\/posts\/1448\/revisions"}],"predecessor-version":[{"id":1450,"href":"https:\/\/minutaregional.cl\/index.php?rest_route=\/wp\/v2\/posts\/1448\/revisions\/1450"}],"wp:featuredmedia":[{"embeddable":true,"href":"https:\/\/minutaregional.cl\/index.php?rest_route=\/wp\/v2\/media\/1449"}],"wp:attachment":[{"href":"https:\/\/minutaregional.cl\/index.php?rest_route=%2Fwp%2Fv2%2Fmedia&parent=1448"}],"wp:term":[{"taxonomy":"category","embeddable":true,"href":"https:\/\/minutaregional.cl\/index.php?rest_route=%2Fwp%2Fv2%2Fcategories&post=1448"},{"taxonomy":"post_tag","embeddable":true,"href":"https:\/\/minutaregional.cl\/index.php?rest_route=%2Fwp%2Fv2%2Ftags&post=1448"}],"curies":[{"name":"wp","href":"https:\/\/api.w.org\/{rel}","templated":true}]}}