{"id":1445,"date":"2022-08-24T20:13:35","date_gmt":"2022-08-24T20:13:35","guid":{"rendered":"https:\/\/minutaregional.cl\/?p=1445"},"modified":"2022-08-24T20:13:35","modified_gmt":"2022-08-24T20:13:35","slug":"impulsaran-la-adopcion-de-tecnologias-digitales-en-pymes-del-choapa","status":"publish","type":"post","link":"https:\/\/minutaregional.cl\/?p=1445","title":{"rendered":"Impulsar\u00e1n la Adopci\u00f3n de Tecnolog\u00edas Digitales en Pymes del Choapa"},"content":{"rendered":"<p class=\"yiv2306989937MsoNormal\" style=\"text-align: justify;\">Contribuir a que las Pymes aumenten sus ingresos y\/o mejoren sus niveles de productividad, a trav\u00e9s de la adopci\u00f3n y utilizaci\u00f3n de tecnolog\u00edas digitales, en sus procesos de negocio, es el objetivo de la Red de Asistencia Digital Fortalece Pyme de Corfo, que cuenta con el financiamiento del Gobierno Regional.<\/p>\n<p class=\"yiv2306989937MsoNormal\" style=\"text-align: justify;\">Sin duda,\u00a0aumentar el nivel de implementaci\u00f3n de tecnolog\u00edas en procesos productivos de las PYMES regionales, para que los negocios puedan crecer e innovar, es una necesidad en el contexto actual. En ese sentido, brindar un acompa\u00f1amiento a trav\u00e9s de la entrega de herramientas necesarias para cumplir con este objetivo es lo que prontamente las Pymes del Choapa podr\u00e1n contar para abrirse paso a la modernizaci\u00f3n digital.<\/p>\n<p class=\"yiv2306989937MsoNormal\" style=\"text-align: justify;\">Y es que la importancia de tecnolog\u00edas aplicadas no es s\u00f3lo para fortalecer, sino que tambi\u00e9n para ampliar los mercados.\u00a0 Un ejemplo local es la experiencia de la Cooperativa Frut\u00edcola Agronuez Choapa, que ha implementado en sus productores sondas de riego de telemetr\u00eda, que permitir\u00e1n medir el contenido de agua en tiempo real y as\u00ed saber cu\u00e1ndo y cu\u00e1nto regar, a trav\u00e9s de celular o computadora, permitiendo un ahorro de agua y manteniendo la calidad de la fruta. Al respeto su gerenta comercial, Bella Villarreal, valor\u00f3 su proceso, gracias a la implementaci\u00f3n de estas tecnolog\u00edas \u201chemos capturado un nicho de mercado en el extranjero, principalmente por la calidad del producto, porque el Choapa produce frutas buenas, nueces de muy buena calidad, las mejores nueces del mundo\u201d.<\/p>\n<p class=\"yiv2306989937MsoNormal\" style=\"text-align: justify;\">Se trata de un ejemplo de lo que se puede lograr a trav\u00e9s de la digitalizaci\u00f3n, dando a conocer la calidad y la oferta de los productos, \u201cdesarrollamos los procesos con acuciosidad, somos bastante responsables en cumplir con los requisitos de calidad, el detalle del producto, las caracter\u00edsticas que nosotros hemos definido como tal son las que se cumplen al momento de hacer las entregas y es por eso que los clientes nos reconocen\u201d.<\/p>\n<p class=\"yiv2306989937MsoNormal\" style=\"text-align: justify;\">Lo anterior, constituye un ejemplo de lo que se quiere lograr a trav\u00e9s de la Red de Asistencia Digital Fortalece Pyme, que actualmente se encuentra en la fase de postulaci\u00f3n de desarrolladores (por ejemplo Universidades y Centros Tecnol\u00f3gicos) para que ayuden a impulsar y \u201cofrecer alternativas para digitalizar a las empresas bajo el alero de las caracter\u00edsticas existentes en este territorio\u201d indic\u00f3 Claudio Valenzuela , Gerente de Redes y Territorio de Corfo.<\/p>\n<p class=\"yiv2306989937MsoNormal\" style=\"text-align: justify;\">Del mismo modo, explic\u00f3 que \u201cpara que la empresa vaya adoptando estas tecnolog\u00edas, este no es un asunto r\u00e1pido, no es un software que se le entrega a la empresa y \u00e9stas las adopten de manera inmediata\u201d.<\/p>\n<p class=\"yiv2306989937MsoNormal\" style=\"text-align: justify;\">Posterior a esta etapa, que tiene abierta sus postulaciones hasta el 1 de septiembre en\u00a0<a href=\"http:\/\/www.corfo.cl\/\" target=\"_blank\" rel=\"nofollow noopener noreferrer\">www.corfo.cl<\/a>, las Pymes podr\u00e1n contar con servicios de diagn\u00f3stico y asistencia t\u00e9cnica sin costo para apoyarlas en la adopci\u00f3n de tecnolog\u00edas digitales.<\/p>\n<p class=\"yiv2306989937MsoNormal\" style=\"text-align: justify;\">En esta l\u00ednea, el director regional de Corfo, Andr\u00e9s Zurita, explic\u00f3 que \u201ccon la implementaci\u00f3n de la iniciativa Fortalece Pyme, nosotros buscamos llegar y aumentar las capacidades de las empresas independiente de su tama\u00f1o. Al entregar esta herramienta, se podr\u00e1n realizar gestiones de distinto tipo, permitiendo abarcar y mejorar la prioridad y el alcance de las empresas locales en un mercado m\u00e1s global\u201d.<\/p>\n<p class=\"yiv2306989937MsoNormal\" style=\"text-align: justify;\"><u>Alianza por la digitalizaci\u00f3n de Corfo y el Gobierno Regional<\/u><\/p>\n<p class=\"yiv2306989937MsoNormal\" style=\"text-align: justify;\">Uno de los ejes de trabajo de Corfo en conjunto con el Gobierno Regional, es fortalecer y contribuir a que las Pymes adquieran las herramientas necesarias para aumentar sus ingresos y\/o mejoren sus niveles de productividad a trav\u00e9s de la digitalizaci\u00f3n de sus procesos. Al respecto, Lorena Sandoval, Jefa de Fomento e Industria del Gobierno Regional, indic\u00f3 que \u201cEste tema cobra una relevancia y queremos potenciar y ayudar, hay que cada vez exista m\u00e1s digitalizaci\u00f3n en las micro, peque\u00f1as y medianas empresas, que es lo que nosotros pretendemos que hoy d\u00eda reciban estos beneficios\u201d.<\/p>\n<p class=\"yiv2306989937MsoNormal\" style=\"text-align: justify;\"><u>Sobre el apoyo<\/u><\/p>\n<p class=\"yiv2306989937MsoNormal\" style=\"text-align: justify;\">Esta iniciativa apoyar\u00e1 a las pymes de la provincia del Choapa mediante diagn\u00f3sticos individuales, para ello, Corfo dispone de un\u00a0\u00a0<a href=\"https:\/\/chequeodigital.cl\/landing\/corfo\/Index.htm\" target=\"_blank\" rel=\"nofollow noopener noreferrer\">chequeo digital<\/a>\u00a0para conocer el nivel de madurez de la pyme, que adem\u00e1s entrega recomendaciones para avanzar en la digitalizaci\u00f3n, asistencia t\u00e9cnica, formaci\u00f3n, capacitaci\u00f3n, y apoyo integral multinivel.<\/p>\n","protected":false},"excerpt":{"rendered":"<p>Contribuir a que las Pymes aumenten sus ingresos y\/o mejoren sus niveles de productividad, a trav\u00e9s de la adopci\u00f3n y utilizaci\u00f3n de tecnolog\u00edas digitales, en sus procesos de negocio, es el objetivo de la Red de Asistencia Digital Fortalece Pyme de Corfo, que cuenta con el financiamiento del Gobierno Regional.<\/p>\n","protected":false},"author":1,"featured_media":1446,"comment_status":"closed","ping_status":"open","sticky":false,"template":"","format":"standard","meta":{"footnotes":""},"categories":[20],"tags":[],"class_list":["post-1445","post","type-post","status-publish","format-standard","has-post-thumbnail","hentry","category-corfo"],"_links":{"self":[{"href":"https:\/\/minutaregional.cl\/index.php?rest_route=\/wp\/v2\/posts\/1445","targetHints":{"allow":["GET"]}}],"collection":[{"href":"https:\/\/minutaregional.cl\/index.php?rest_route=\/wp\/v2\/posts"}],"about":[{"href":"https:\/\/minutaregional.cl\/index.php?rest_route=\/wp\/v2\/types\/post"}],"author":[{"embeddable":true,"href":"https:\/\/minutaregional.cl\/index.php?rest_route=\/wp\/v2\/users\/1"}],"replies":[{"embeddable":true,"href":"https:\/\/minutaregional.cl\/index.php?rest_route=%2Fwp%2Fv2%2Fcomments&post=1445"}],"version-history":[{"count":1,"href":"https:\/\/minutaregional.cl\/index.php?rest_route=\/wp\/v2\/posts\/1445\/revisions"}],"predecessor-version":[{"id":1447,"href":"https:\/\/minutaregional.cl\/index.php?rest_route=\/wp\/v2\/posts\/1445\/revisions\/1447"}],"wp:featuredmedia":[{"embeddable":true,"href":"https:\/\/minutaregional.cl\/index.php?rest_route=\/wp\/v2\/media\/1446"}],"wp:attachment":[{"href":"https:\/\/minutaregional.cl\/index.php?rest_route=%2Fwp%2Fv2%2Fmedia&parent=1445"}],"wp:term":[{"taxonomy":"category","embeddable":true,"href":"https:\/\/minutaregional.cl\/index.php?rest_route=%2Fwp%2Fv2%2Fcategories&post=1445"},{"taxonomy":"post_tag","embeddable":true,"href":"https:\/\/minutaregional.cl\/index.php?rest_route=%2Fwp%2Fv2%2Ftags&post=1445"}],"curies":[{"name":"wp","href":"https:\/\/api.w.org\/{rel}","templated":true}]}}