{"id":1441,"date":"2022-08-24T17:51:48","date_gmt":"2022-08-24T17:51:48","guid":{"rendered":"https:\/\/minutaregional.cl\/?p=1441"},"modified":"2022-08-24T17:51:48","modified_gmt":"2022-08-24T17:51:48","slug":"finning-y-minera-carmen-de-andacollo-se-unen-para-promover-capacitaciones-de-ninas-en-disciplinas-stem","status":"publish","type":"post","link":"https:\/\/minutaregional.cl\/?p=1441","title":{"rendered":"Finning y minera Carmen de Andacollo se Unen para Promover Capacitaciones de Ni\u00f1as en Disciplinas STEM"},"content":{"rendered":"<ul>\n<li style=\"text-align: justify;\">Se trata de una instancia que busca formar a ni\u00f1as de 7<strong>\u00b0<\/strong> y 8<strong>\u00b0<\/strong> b\u00e1sico de la regi\u00f3n de Coquimbo en el desarrollo del pensamiento cient\u00edfico.<\/li>\n<\/ul>\n<p style=\"text-align: justify;\">Con el objetivo de disminuir las brechas de g\u00e9nero en la sociedad y abrir oportunidades laborales a las mujeres, Finning est\u00e1 trabajando para que, desde una temprana edad, ni\u00f1as y j\u00f3venes adquieran habilidades y conocimientos en disciplinas STEM, como ciencia, tecnolog\u00eda, ingenier\u00eda y matem\u00e1tica.<\/p>\n<p style=\"text-align: justify;\">En esta oportunidad, Finning est\u00e1 apoyando el desarrollo de un taller de rob\u00f3tica acad\u00e9mica para ni\u00f1as de s\u00e9ptimo y octavo b\u00e1sico de la Regi\u00f3n de Coquimbo en alianza con la minera Teck Carmen de Andacollo.\u00a0 Con esto, \u00a0se espera desarrollar su evoluci\u00f3n cognitiva y entregar herramientas que las acerque al pensamiento cient\u00edfico para influir en las decisiones vocacionales del futuro talento femenino.<\/p>\n<p style=\"text-align: justify;\">En mayor detalle, la actividad estuvo dirigida a 20 estudiantes del Colegio Patricio Lynch de Andacollo junto a sus padres, apoderados y profesores, quienes participaron de un taller de sesgos inconscientes, con el objetivo de abrir en ellos un cambio cultural que lleve a apoyar a las ni\u00f1as hacia una vida y educaci\u00f3n sin estereotipos de g\u00e9nero y permiti\u00e9ndoles un mejor desarrollo integral.<\/p>\n<p style=\"text-align: justify;\">El evento, que se realiz\u00f3 el pasado 19 de agosto, cont\u00f3 con la participaci\u00f3n de \u00a0Constanza Espinosa, Seremi de Miner\u00eda; Jaime Castillo, gerente comercial product support regional de Finning; y Paulo Barraza, gerente de gesti\u00f3n comunitaria de Teck CDA.<\/p>\n<p style=\"text-align: justify;\">Paulo Barraza de Teck, coment\u00f3 que \u00a8es muy relevante apoyar este tipo de iniciativas que buscan incentivar que ni\u00f1as de Andacollo puedan incorporarse a la miner\u00eda. De esta forma vamos abriendo posibilidades para que la industria sea m\u00e1s inclusiva\u00a8.<\/p>\n<p style=\"text-align: justify;\">Por su parte, la Seremi de miner\u00eda coment\u00f3 que \u00a8Nos genera felicidad ver c\u00f3mo mujeres se interesan por una actividad tan apasionante como es la miner\u00eda. Es importante ir cambiando los roles de g\u00e9nero que se van generando en nuestra sociedad. Tenemos que ense\u00f1arles a las chicas que pueden y deben expresar sus ambiciones y crecer como profesionales\u00a8.<\/p>\n<p style=\"text-align: justify;\">Desde hace varios a\u00f1os Finning viene avanzando en su compromiso por aumentar la participaci\u00f3n del talento femenino en roles masculinizados, tanto al interior de su organizaci\u00f3n como para las industrias productivas en general, a trav\u00e9s del trabajo en planes de capacitaci\u00f3n con foco de g\u00e9nero para carreras t\u00e9cnicas. En estos \u00faltimos dos a\u00f1os, m\u00e1s de mil mujeres en Chile han sido formadas en habilidades para oficios t\u00e9cnico-mec\u00e1nicos; creciendo en participaci\u00f3n con foco en posiciones hist\u00f3ricamente masculinizadas.<\/p>\n<p style=\"text-align: justify;\">As\u00ed lo reafirm\u00f3 el gerente comercial regional de Finning: \u00a8Estamos encauzando todas las l\u00edneas para entregar capacidades a ni\u00f1as, j\u00f3venes y mujeres. Queremos que el talento femenino aumente en la miner\u00eda y llegue a todas las posiciones, ya sea en operaci\u00f3n, mantenimiento, puestos de liderazgo, etc.\u00a8.<\/p>\n<p>&nbsp;<\/p>\n<p>&nbsp;<\/p>\n","protected":false},"excerpt":{"rendered":"<p>Se trata de una instancia que busca formar a ni\u00f1as de 7\u00b0 y 8\u00b0 b\u00e1sico de la regi\u00f3n de Coquimbo en el desarrollo del pensamiento cient\u00edfico. Con el objetivo de disminuir las brechas de g\u00e9nero en la sociedad y abrir oportunidades laborales a las mujeres, Finning est\u00e1 trabajando para que,<\/p>\n","protected":false},"author":1,"featured_media":1443,"comment_status":"closed","ping_status":"open","sticky":false,"template":"","format":"standard","meta":{"footnotes":""},"categories":[1],"tags":[],"class_list":["post-1441","post","type-post","status-publish","format-standard","has-post-thumbnail","hentry","category-noticias-regionales"],"_links":{"self":[{"href":"https:\/\/minutaregional.cl\/index.php?rest_route=\/wp\/v2\/posts\/1441","targetHints":{"allow":["GET"]}}],"collection":[{"href":"https:\/\/minutaregional.cl\/index.php?rest_route=\/wp\/v2\/posts"}],"about":[{"href":"https:\/\/minutaregional.cl\/index.php?rest_route=\/wp\/v2\/types\/post"}],"author":[{"embeddable":true,"href":"https:\/\/minutaregional.cl\/index.php?rest_route=\/wp\/v2\/users\/1"}],"replies":[{"embeddable":true,"href":"https:\/\/minutaregional.cl\/index.php?rest_route=%2Fwp%2Fv2%2Fcomments&post=1441"}],"version-history":[{"count":1,"href":"https:\/\/minutaregional.cl\/index.php?rest_route=\/wp\/v2\/posts\/1441\/revisions"}],"predecessor-version":[{"id":1444,"href":"https:\/\/minutaregional.cl\/index.php?rest_route=\/wp\/v2\/posts\/1441\/revisions\/1444"}],"wp:featuredmedia":[{"embeddable":true,"href":"https:\/\/minutaregional.cl\/index.php?rest_route=\/wp\/v2\/media\/1443"}],"wp:attachment":[{"href":"https:\/\/minutaregional.cl\/index.php?rest_route=%2Fwp%2Fv2%2Fmedia&parent=1441"}],"wp:term":[{"taxonomy":"category","embeddable":true,"href":"https:\/\/minutaregional.cl\/index.php?rest_route=%2Fwp%2Fv2%2Fcategories&post=1441"},{"taxonomy":"post_tag","embeddable":true,"href":"https:\/\/minutaregional.cl\/index.php?rest_route=%2Fwp%2Fv2%2Ftags&post=1441"}],"curies":[{"name":"wp","href":"https:\/\/api.w.org\/{rel}","templated":true}]}}