{"id":1437,"date":"2022-08-24T15:43:54","date_gmt":"2022-08-24T15:43:54","guid":{"rendered":"https:\/\/minutaregional.cl\/?p=1437"},"modified":"2022-08-24T15:43:54","modified_gmt":"2022-08-24T15:43:54","slug":"la-convocatoria-de-fondos-cultura-2023-entra-en-su-recta-final","status":"publish","type":"post","link":"https:\/\/minutaregional.cl\/?p=1437","title":{"rendered":"La convocatoria de Fondos Cultura 2023 entra en su recta final"},"content":{"rendered":"<p class=\"yiv9705720679p5\">Las 46 l\u00edneas de los cinco concursos abiertos comienzan sus cierres el 31 de agosto y los postulantes pasan a la siguiente etapa de evaluaci\u00f3n, pues el Ministerio de las Culturas, las Artes y el Patrimonio ha eliminado la admisibilidad.<\/p>\n<p class=\"yiv9705720679p5\">Los fondos Cultura 2023 han contado con capacitaciones en diversas localidades de la Regi\u00f3n de Ays\u00e9n, para que los y las agentes culturales cuenten con herramientas y conozcan el renovado proceso de convocatoria, que ha incorporado foco en la reactivaci\u00f3n econ\u00f3mica, g\u00e9nero y territorialidad.<\/p>\n<p class=\"yiv9705720679p6\">Con especial \u00e9nfasis en la mejora de las condiciones laborales de las trabajadoras y trabajadores del sector, esta versi\u00f3n representa una transici\u00f3n de Fondos Cultura con miras a la implementaci\u00f3n de un pr\u00f3ximo Sistema Nacional de Financiamiento Cultural.<\/p>\n<p class=\"yiv9705720679p6\">Los cinco fondos y 46 l\u00edneas entregar\u00e1n m\u00e1s de $34 mil millones ($34.141.179.392) para el financiamiento de proyectos culturales y art\u00edsticos de todas las regiones del pa\u00eds.<\/p>\n<p class=\"yiv9705720679p6\">El seremi de Culturas, Ays\u00e9n, Felipe Quiroz, invit\u00f3 a postular y a estar atentos a las fechas de cierre de cada fondo: \u201cSabemos que las mejoras que con el Ministerio de las Culturas hemos implementado en Fondos Cultura 2023, van a simplificar las postulaciones y van a permitir un financiamiento m\u00e1s ordenado, pues se han tomado en consideraci\u00f3n las diferentes etapas que constituyen el ciclo cultural de los procesos art\u00edsticos y creativos\u201d.<\/p>\n<p class=\"yiv9705720679p8\">Las fechas de cierre de los fondos son:<\/p>\n<ul class=\"yiv9705720679ul1\">\n<li class=\"yiv9705720679li5\"><span class=\"yiv9705720679s2\">Becas Chile Crea: jueves 1 de septiembre.<\/span><\/li>\n<li class=\"yiv9705720679li5\"><span class=\"yiv9705720679s2\">Fondo de la M\u00fasica: viernes 2 de septiembre.<\/span><\/li>\n<li class=\"yiv9705720679li5\"><span class=\"yiv9705720679s2\">Fondo del Libro \u2013 L\u00ednea Creaci\u00f3n: mi\u00e9rcoles 7 de septiembre.<\/span><\/li>\n<li class=\"yiv9705720679li5\"><span class=\"yiv9705720679s2\">Fondo del Libro \u2013 otras l\u00edneas: jueves 8 de septiembre.<\/span><\/li>\n<li class=\"yiv9705720679li5\"><span class=\"yiv9705720679s2\">Fondart Nacional: viernes 9 de septiembre.<\/span><\/li>\n<li class=\"yiv9705720679li5\"><span class=\"yiv9705720679s2\">Fondart Regional: lunes 12 de septiembre.<\/span><\/li>\n<li class=\"yiv9705720679li5\"><span class=\"yiv9705720679s2\">Fondo de Artes Esc\u00e9nicas: martes 13 de septiembre.<\/span><\/li>\n<li class=\"yiv9705720679li5\"><span class=\"yiv9705720679s2\">Fondo Audiovisual: jueves 15 de septiembre.<\/span><\/li>\n<\/ul>\n","protected":false},"excerpt":{"rendered":"<p>Las 46 l\u00edneas de los cinco concursos abiertos comienzan sus cierres el 31 de agosto y los postulantes pasan a la siguiente etapa de evaluaci\u00f3n, pues el Ministerio de las Culturas, las Artes y el Patrimonio ha eliminado la admisibilidad. Los fondos Cultura 2023 han contado con capacitaciones en diversas<\/p>\n","protected":false},"author":1,"featured_media":1438,"comment_status":"closed","ping_status":"open","sticky":false,"template":"","format":"standard","meta":{"footnotes":""},"categories":[16],"tags":[],"class_list":["post-1437","post","type-post","status-publish","format-standard","has-post-thumbnail","hentry","category-seremi-de-cultura"],"_links":{"self":[{"href":"https:\/\/minutaregional.cl\/index.php?rest_route=\/wp\/v2\/posts\/1437","targetHints":{"allow":["GET"]}}],"collection":[{"href":"https:\/\/minutaregional.cl\/index.php?rest_route=\/wp\/v2\/posts"}],"about":[{"href":"https:\/\/minutaregional.cl\/index.php?rest_route=\/wp\/v2\/types\/post"}],"author":[{"embeddable":true,"href":"https:\/\/minutaregional.cl\/index.php?rest_route=\/wp\/v2\/users\/1"}],"replies":[{"embeddable":true,"href":"https:\/\/minutaregional.cl\/index.php?rest_route=%2Fwp%2Fv2%2Fcomments&post=1437"}],"version-history":[{"count":1,"href":"https:\/\/minutaregional.cl\/index.php?rest_route=\/wp\/v2\/posts\/1437\/revisions"}],"predecessor-version":[{"id":1439,"href":"https:\/\/minutaregional.cl\/index.php?rest_route=\/wp\/v2\/posts\/1437\/revisions\/1439"}],"wp:featuredmedia":[{"embeddable":true,"href":"https:\/\/minutaregional.cl\/index.php?rest_route=\/wp\/v2\/media\/1438"}],"wp:attachment":[{"href":"https:\/\/minutaregional.cl\/index.php?rest_route=%2Fwp%2Fv2%2Fmedia&parent=1437"}],"wp:term":[{"taxonomy":"category","embeddable":true,"href":"https:\/\/minutaregional.cl\/index.php?rest_route=%2Fwp%2Fv2%2Fcategories&post=1437"},{"taxonomy":"post_tag","embeddable":true,"href":"https:\/\/minutaregional.cl\/index.php?rest_route=%2Fwp%2Fv2%2Ftags&post=1437"}],"curies":[{"name":"wp","href":"https:\/\/api.w.org\/{rel}","templated":true}]}}