{"id":1433,"date":"2022-08-24T00:23:09","date_gmt":"2022-08-24T00:23:09","guid":{"rendered":"https:\/\/minutaregional.cl\/?p=1433"},"modified":"2022-08-24T00:23:09","modified_gmt":"2022-08-24T00:23:09","slug":"conmemoran-80-anos-de-la-educacion-tecnico-profesional-con-feria-regional-el-mundo-tp-haciendo-comunidad","status":"publish","type":"post","link":"https:\/\/minutaregional.cl\/?p=1433","title":{"rendered":"Conmemoran 80 a\u00f1os de la educaci\u00f3n t\u00e9cnico profesional con Feria Regional \u201cEl Mundo TP Haciendo Comunidad\u201d"},"content":{"rendered":"<p style=\"text-align: justify;\">Con la participaci\u00f3n de 31 colegios y liceos t\u00e9cnico profesionales se desarroll\u00f3 la Feria Regional T\u00e9cnico Profesional \u201cEl Mundo TP Haciendo Comunidad\u201d, como parte de la semana de la Educaci\u00f3n T\u00e9cnico Profesional (ETP) y el D\u00eda de la Educaci\u00f3n T\u00e9cnico Profesional, que se celebra los 26 de agosto; y en conmemoraci\u00f3n de sus 80 a\u00f1os, desde que el 26 de agosto de 1942, se creara la Direcci\u00f3n General de Ense\u00f1anza Profesional, bajo el mandato del Presidente Juan Antonio R\u00edos.<\/p>\n<p style=\"text-align: justify;\">La feria realizada en la Plaza de Armas de La Serena fue organizada por la Secretar\u00eda Ejecutiva de Educaci\u00f3n Media T\u00e9cnico Profesional del Ministerio de Educaci\u00f3n, la Seremi de Educaci\u00f3n de Coquimbo y Red Futuro T\u00e9cnico Coquimbo, con el apoyo de Fundaci\u00f3n Luksic y Fundaci\u00f3n Chile.<\/p>\n<p style=\"text-align: justify;\">El estudiante Jean Franco Salfate de cuarto a\u00f1o medio de la especialidad de electricidad del Liceo Polit\u00e9cnico de Ovalle expuso junto a sus compa\u00f1eros un variador de frecuencia que transforma energ\u00eda monof\u00e1sica a trif\u00e1sica y se utiliza en sectores rurales. \u201cPara m\u00ed la electricidad es algo muy bonito, porque tengo familiares que trabajan en ello. Cuando me un\u00ed a la especialidad motivan la bienvenida de los profesores, la participaci\u00f3n de todos los alumnos. Los profesores no s\u00f3lo ense\u00f1an, sino interact\u00faan contigo. Es un liceo que se caracteriza porque los profesores te ayudan, si uno tiene una duda, te explican de nuevo\u201d. Luego del t\u00edtulo de t\u00e9cnico en electricidad, quiere estudiar ingenier\u00eda, afirma.<\/p>\n<p style=\"text-align: justify;\">La Seremi de Educaci\u00f3n Cecilia Ram\u00edrez Ch\u00e1vez recorri\u00f3 cada stand de la feria, se\u00f1alando que \u201ccompart\u00ed con cada uno de las y los estudiantes, los docentes y asistentes de la educaci\u00f3n, sus proyectos e ideas innovadoras, que reflejan su talento, sus capacidades y la formaci\u00f3n integral que est\u00e1n recibiendo. Pero en esta conmemoraci\u00f3n de los 80 a\u00f1os de la educaci\u00f3n tenemos el desaf\u00edo es seguir avanzando en una agenda transformadora para la Educaci\u00f3n T\u00e9cnico Profesional (ETP), que impulsa el gobierno de nuestro Presidente Gabriel Boric Font, con foco en el desarrollo humano sostenible, en el que estudiantes, trabajadores y trabajadoras encuentren un espacio de construcci\u00f3n de capacidades relevantes para sus propias aspiraciones de vida, desde donde puedan aportar a atender las necesidades econ\u00f3micas, sociales y de desarrollo sostenible del pa\u00eds y sus territorios; y en que el trabajo decente y la igualdad sustantiva de g\u00e9nero sean principios fundamentales\u201d.<\/p>\n<p style=\"text-align: justify;\">La Coordinadora de la Red Futuro T\u00e9cnico Macro Zona Centro Norte, Vanessa Ar\u00e9valo destaca que \u201cse pone en valor todo el esfuerzo y trabajo que se hace en cada uno de los liceos t\u00e9cnico profesionales y se reconoce todo lo que ha avanzado la educaci\u00f3n t\u00e9cnico profesional en estos 80 a\u00f1os. En el esfuerzo que se ha ido haciendo tambi\u00e9n de parte del gobierno, de poner un foco especial en su desarrollo, y por eso, esta pol\u00edtica Red Futuro T\u00e9cnico que ha relevado la capacitaci\u00f3n y actualizaci\u00f3n docente, la alternancia educativa, las pasant\u00edas, etc. Hay muchas cosas que se est\u00e1n haciendo y van impactando la trayectoria educativa y formativa laboral de los estudiantes de educaci\u00f3n t\u00e9cnica\u201d.<\/p>\n<p style=\"text-align: justify;\">La diputada Carolina Tello resalta que \u201cestoy contenta con la invitaci\u00f3n, agradecida de poder recorrer la feria y conocer las iniciativas de los estudiantes, que son innovadoras y necesarias de dar a conocer. Es un mundo que abre una forma alternativa de desarrollo, y no nos quedamos con las cl\u00e1sicas ocupaciones tradicionales, que no permiten llevar una vida sustentable o sostenible. Es llevar una actividad econ\u00f3mica, una forma de vida, que se relaciona con una comunidad. Veo que con este tipo de formaci\u00f3n se da respuesta a esas necesidades que tiene la comunidad. Hay que estar a disposici\u00f3n de visibilizar, de avanzar y de relevar la educaci\u00f3n t\u00e9cnico profesional\u201d.<\/p>\n<p style=\"text-align: justify;\">ctualmente, el 37% de los estudiantes de educaci\u00f3n media est\u00e1 en la educaci\u00f3n t\u00e9cnico profesional, en 931 liceos a lo largo del pa\u00eds. Por su parte, el 58% de los estudiantes de primer a\u00f1o en educaci\u00f3n superior se matricularon en carreras t\u00e9cnicas de nivel superior o profesionales sin licenciatura (SIES, 2022), siendo una tendencia en alza que se ha mantenido desde 2010 a la fecha.<\/p>\n<p style=\"text-align: justify;\">En la feria participaron 31 colegios y liceos municipales, p\u00fablicos y particulares subvencionados que imparten educaci\u00f3n t\u00e9cnico profesional de las comunas de La Serena, Coquimbo, Andacollo, Vicu\u00f1a, Paihuano, Ovalle, Monte Patria, Punitaqui y Combarbal\u00e1, adem\u00e1s de las Universidades de La Serena, Cat\u00f3lica del Norte y Santo Tom\u00e1s, IPChile y Ceduc UCN.<\/p>\n<p>&nbsp;<\/p>\n","protected":false},"excerpt":{"rendered":"<p>Con la participaci\u00f3n de 31 colegios y liceos t\u00e9cnico profesionales se desarroll\u00f3 la Feria Regional T\u00e9cnico Profesional \u201cEl Mundo TP Haciendo Comunidad\u201d, como parte de la semana de la Educaci\u00f3n T\u00e9cnico Profesional (ETP) y el D\u00eda de la Educaci\u00f3n T\u00e9cnico Profesional, que se celebra los 26 de agosto; y en<\/p>\n","protected":false},"author":1,"featured_media":1434,"comment_status":"closed","ping_status":"open","sticky":false,"template":"","format":"standard","meta":{"footnotes":""},"categories":[40],"tags":[],"class_list":["post-1433","post","type-post","status-publish","format-standard","has-post-thumbnail","hentry","category-secreduc_iv"],"_links":{"self":[{"href":"https:\/\/minutaregional.cl\/index.php?rest_route=\/wp\/v2\/posts\/1433","targetHints":{"allow":["GET"]}}],"collection":[{"href":"https:\/\/minutaregional.cl\/index.php?rest_route=\/wp\/v2\/posts"}],"about":[{"href":"https:\/\/minutaregional.cl\/index.php?rest_route=\/wp\/v2\/types\/post"}],"author":[{"embeddable":true,"href":"https:\/\/minutaregional.cl\/index.php?rest_route=\/wp\/v2\/users\/1"}],"replies":[{"embeddable":true,"href":"https:\/\/minutaregional.cl\/index.php?rest_route=%2Fwp%2Fv2%2Fcomments&post=1433"}],"version-history":[{"count":1,"href":"https:\/\/minutaregional.cl\/index.php?rest_route=\/wp\/v2\/posts\/1433\/revisions"}],"predecessor-version":[{"id":1435,"href":"https:\/\/minutaregional.cl\/index.php?rest_route=\/wp\/v2\/posts\/1433\/revisions\/1435"}],"wp:featuredmedia":[{"embeddable":true,"href":"https:\/\/minutaregional.cl\/index.php?rest_route=\/wp\/v2\/media\/1434"}],"wp:attachment":[{"href":"https:\/\/minutaregional.cl\/index.php?rest_route=%2Fwp%2Fv2%2Fmedia&parent=1433"}],"wp:term":[{"taxonomy":"category","embeddable":true,"href":"https:\/\/minutaregional.cl\/index.php?rest_route=%2Fwp%2Fv2%2Fcategories&post=1433"},{"taxonomy":"post_tag","embeddable":true,"href":"https:\/\/minutaregional.cl\/index.php?rest_route=%2Fwp%2Fv2%2Ftags&post=1433"}],"curies":[{"name":"wp","href":"https:\/\/api.w.org\/{rel}","templated":true}]}}