{"id":1426,"date":"2022-08-23T23:46:39","date_gmt":"2022-08-23T23:46:39","guid":{"rendered":"https:\/\/minutaregional.cl\/?p=1426"},"modified":"2022-08-23T23:46:39","modified_gmt":"2022-08-23T23:46:39","slug":"pdi-indaga-nuevo-robo-en-modalidad-falsos-policias-que-habrian-sustraido-camioneta-y-especies-en-ovalle","status":"publish","type":"post","link":"https:\/\/minutaregional.cl\/?p=1426","title":{"rendered":"PDI INDAGA NUEVO ROBO EN MODALIDAD FALSOS POLIC\u00cdAS QUE HABR\u00cdAN SUSTRAIDO CAMIONETA Y ESPECIES EN OVALLE"},"content":{"rendered":"<p style=\"text-align: justify;\">Detectives de la Brigada de Investigaci\u00f3n Criminal de la comuna limarina desarrollan las primeras diligencias ante esta denuncia realizada en horas de la madrugada de este martes.<\/p>\n<p style=\"text-align: justify;\">Nuevamente surge la denuncia sobre individuos que se hacen pasar por detectives para cometer il\u00edcitos en la regi\u00f3n de Coquimbo. Esta vez, un robo con violencia que ocurri\u00f3 en la madrugada de este martes denuncian dos hombres, ambos de 23 a\u00f1os, que estaban en un sitio eriazo del sector El Espinal de la comuna de Ovalle compartiendo.<\/p>\n<p style=\"text-align: justify;\">Pasada la medianoche llegaron al lugar en su camioneta y, alrededor de la una de la madrugada, habr\u00eda aparecido otro veh\u00edculo con sus luces apagadas y desciende un grupo de individuos.\u00a0 De acuerdo a la versi\u00f3n de los denunciantes, los sujetos ven\u00edan con ropa similar a la de la PDI y se presentaron como polic\u00edas, apunt\u00e1ndolos con pistolas y los habr\u00edan golpeado oblig\u00e1ndoles a descender de la camioneta.<\/p>\n<p style=\"text-align: justify;\"><strong><em>\u201cDetectives de esta unidad, realizan las primeras diligencias a partir de esta denuncia, por instrucci\u00f3n del Ministerio P\u00fablico. Los individuos se habr\u00edan hecho pasar por polic\u00edas y habr\u00edan sustra\u00eddo los tel\u00e9fonos celulares y adem\u00e1s de la camioneta en la que se encontraban\u201d<\/em><\/strong>, se\u00f1al\u00f3 el subprefecto Daniel Leal, jefe de la Brigada de Investigaci\u00f3n Criminal Ovalle.<\/p>\n<p style=\"text-align: justify;\">Este es el segundo caso en menos de una semana donde los delincuentes simulan o aseguran ser detectives por lo que el subprefecto Leal, recuerda que la PDI en sus procedimientos, debe identificarse mostrando su documentaci\u00f3n institucional, una orden judicial y en caso de flagrancia dar a conocer los hechos que se imputan.<\/p>\n<p style=\"text-align: justify;\"><strong><em>\u201cEs de p\u00fablico conocimiento y es caracter\u00edstica nuestra presentaci\u00f3n institucional, vestimenta formal, uso de placa con identificaci\u00f3n del personal de la PDI, sea detective o asistente policial, adem\u00e1s excepcionalmente los funcionarios tambi\u00e9n pueden usar la ropa t\u00e1ctica o corporativa\u201d,<\/em><\/strong> se\u00f1al\u00f3 el jefe de la Brigada de Investigaci\u00f3n Criminal Ovalle.<\/p>\n<p style=\"text-align: justify;\">En caso de cualquier situaci\u00f3n como esta, se recomienda hacer la denuncia en el complejo policial m\u00e1s cercano para advertir, oportunamente, la suplantaci\u00f3n del personal de la PDI.<\/p>\n","protected":false},"excerpt":{"rendered":"<p>Detectives de la Brigada de Investigaci\u00f3n Criminal de la comuna limarina desarrollan las primeras diligencias ante esta denuncia realizada en horas de la madrugada de este martes. Nuevamente surge la denuncia sobre individuos que se hacen pasar por detectives para cometer il\u00edcitos en la regi\u00f3n de Coquimbo. Esta vez, un<\/p>\n","protected":false},"author":1,"featured_media":1427,"comment_status":"closed","ping_status":"open","sticky":false,"template":"","format":"standard","meta":{"footnotes":""},"categories":[14],"tags":[],"class_list":["post-1426","post","type-post","status-publish","format-standard","has-post-thumbnail","hentry","category-pdi"],"_links":{"self":[{"href":"https:\/\/minutaregional.cl\/index.php?rest_route=\/wp\/v2\/posts\/1426","targetHints":{"allow":["GET"]}}],"collection":[{"href":"https:\/\/minutaregional.cl\/index.php?rest_route=\/wp\/v2\/posts"}],"about":[{"href":"https:\/\/minutaregional.cl\/index.php?rest_route=\/wp\/v2\/types\/post"}],"author":[{"embeddable":true,"href":"https:\/\/minutaregional.cl\/index.php?rest_route=\/wp\/v2\/users\/1"}],"replies":[{"embeddable":true,"href":"https:\/\/minutaregional.cl\/index.php?rest_route=%2Fwp%2Fv2%2Fcomments&post=1426"}],"version-history":[{"count":1,"href":"https:\/\/minutaregional.cl\/index.php?rest_route=\/wp\/v2\/posts\/1426\/revisions"}],"predecessor-version":[{"id":1428,"href":"https:\/\/minutaregional.cl\/index.php?rest_route=\/wp\/v2\/posts\/1426\/revisions\/1428"}],"wp:featuredmedia":[{"embeddable":true,"href":"https:\/\/minutaregional.cl\/index.php?rest_route=\/wp\/v2\/media\/1427"}],"wp:attachment":[{"href":"https:\/\/minutaregional.cl\/index.php?rest_route=%2Fwp%2Fv2%2Fmedia&parent=1426"}],"wp:term":[{"taxonomy":"category","embeddable":true,"href":"https:\/\/minutaregional.cl\/index.php?rest_route=%2Fwp%2Fv2%2Fcategories&post=1426"},{"taxonomy":"post_tag","embeddable":true,"href":"https:\/\/minutaregional.cl\/index.php?rest_route=%2Fwp%2Fv2%2Ftags&post=1426"}],"curies":[{"name":"wp","href":"https:\/\/api.w.org\/{rel}","templated":true}]}}