{"id":1423,"date":"2022-08-23T23:25:02","date_gmt":"2022-08-23T23:25:02","guid":{"rendered":"https:\/\/minutaregional.cl\/?p=1423"},"modified":"2022-08-23T23:26:25","modified_gmt":"2022-08-23T23:26:25","slug":"lanzamiento-exposicion-tierra-bordada-en-casa-de-la-cultura-de-illapel","status":"publish","type":"post","link":"https:\/\/minutaregional.cl\/?p=1423","title":{"rendered":"LANZAMIENTO EXPOSICI\u00d3N \u201cTIERRA BORDADA\u201d EN CASA DE LA CULTURA DE ILLAPEL"},"content":{"rendered":"<p style=\"text-align: justify;\">En Casa de la Cultura de Illapel, se realiz\u00f3 el lanzamiento de la Exposici\u00f3n \u201cTierra Bordada\u201d de la artista visual Claudia Campos Mendoza.<\/p>\n<p style=\"text-align: justify;\">\u201cTierra Bordada\u201d es un proyecto que rescata parte de la herencia visual contenida en los dise\u00f1os de las vasijas Diaguitas y en los petroglifos esparcidos en nuestro territorio.<\/p>\n<p style=\"text-align: justify;\">Sugiere volver la mirada al pasado rememorando antiguos procesos artesanales, como el tejido en Telar de Palo Plantado que utilizaron las mujeres Diaguitas, sumado al bordado que realiza la artista visual sobre esterilla y telar, utilizando s\u00f3lo elementos naturales como la lana de oveja te\u00f1ida como pigmentos extra\u00eddos de la tierra como la cochinilla, c\u00e1scara de cebolla o c\u00e1scara de nuez.<\/p>\n<p style=\"text-align: justify;\">La exposici\u00f3n estar\u00e1 disponible desde el viernes 19 de agosto hasta el 19 de septiembre, de lunes a viernes, desde las 09:00 hrs. hasta las 18:00 hrs. en la sala de arte de la Casa de La Cultura de Illapel.<\/p>\n<p>&nbsp;<\/p>\n","protected":false},"excerpt":{"rendered":"<p>En Casa de la Cultura de Illapel, se realiz\u00f3 el lanzamiento de la Exposici\u00f3n \u201cTierra Bordada\u201d de la artista visual Claudia Campos Mendoza. \u201cTierra Bordada\u201d es un proyecto que rescata parte de la herencia visual contenida en los dise\u00f1os de las vasijas Diaguitas y en los petroglifos esparcidos en nuestro<\/p>\n","protected":false},"author":1,"featured_media":1425,"comment_status":"closed","ping_status":"open","sticky":false,"template":"","format":"standard","meta":{"footnotes":""},"categories":[22],"tags":[],"class_list":["post-1423","post","type-post","status-publish","format-standard","has-post-thumbnail","hentry","category-muni-illapel"],"_links":{"self":[{"href":"https:\/\/minutaregional.cl\/index.php?rest_route=\/wp\/v2\/posts\/1423","targetHints":{"allow":["GET"]}}],"collection":[{"href":"https:\/\/minutaregional.cl\/index.php?rest_route=\/wp\/v2\/posts"}],"about":[{"href":"https:\/\/minutaregional.cl\/index.php?rest_route=\/wp\/v2\/types\/post"}],"author":[{"embeddable":true,"href":"https:\/\/minutaregional.cl\/index.php?rest_route=\/wp\/v2\/users\/1"}],"replies":[{"embeddable":true,"href":"https:\/\/minutaregional.cl\/index.php?rest_route=%2Fwp%2Fv2%2Fcomments&post=1423"}],"version-history":[{"count":1,"href":"https:\/\/minutaregional.cl\/index.php?rest_route=\/wp\/v2\/posts\/1423\/revisions"}],"predecessor-version":[{"id":1424,"href":"https:\/\/minutaregional.cl\/index.php?rest_route=\/wp\/v2\/posts\/1423\/revisions\/1424"}],"wp:featuredmedia":[{"embeddable":true,"href":"https:\/\/minutaregional.cl\/index.php?rest_route=\/wp\/v2\/media\/1425"}],"wp:attachment":[{"href":"https:\/\/minutaregional.cl\/index.php?rest_route=%2Fwp%2Fv2%2Fmedia&parent=1423"}],"wp:term":[{"taxonomy":"category","embeddable":true,"href":"https:\/\/minutaregional.cl\/index.php?rest_route=%2Fwp%2Fv2%2Fcategories&post=1423"},{"taxonomy":"post_tag","embeddable":true,"href":"https:\/\/minutaregional.cl\/index.php?rest_route=%2Fwp%2Fv2%2Ftags&post=1423"}],"curies":[{"name":"wp","href":"https:\/\/api.w.org\/{rel}","templated":true}]}}