{"id":1420,"date":"2022-08-23T23:17:25","date_gmt":"2022-08-23T23:17:25","guid":{"rendered":"https:\/\/minutaregional.cl\/?p=1420"},"modified":"2022-08-23T23:17:25","modified_gmt":"2022-08-23T23:17:25","slug":"pri-choapa-mas-de-400-observaciones-de-la-ciudadania-pasan-a-proceso-de-revision-por-parte-del-consejo-regional","status":"publish","type":"post","link":"https:\/\/minutaregional.cl\/?p=1420","title":{"rendered":"PRI Choapa: M\u00e1s de 400 Observaciones de la Ciudadan\u00eda Pasan a Proceso de Revisi\u00f3n por Parte del Consejo Regional"},"content":{"rendered":"<p style=\"text-align: justify;\">Entre en 1 de junio y 15 de julio se realizaron las exposiciones y audiencias p\u00fablicas en las comunas de Los Vilos, Canela, Illapel, y Salamanca, instancias donde la comunidad pudo conocer las propuestas de imagen objetivo para el Plano Regulador Intercomunal (PRI) Choapa y expresar sus ideas y observaciones respecto de este instrumento de planificaci\u00f3n. El cuerpo colegiado contar\u00e1 con un mes para el an\u00e1lisis y sistematizaci\u00f3n de estas observaciones.<\/p>\n<p style=\"text-align: justify;\">En comisi\u00f3n de Ordenamiento Territorial del Consejo Regional se reunieron una vez m\u00e1s consejeros y consejeras regionales, representantes del ejecutivo del Gobierno Regional y el Seremi de Vivienda, Jos\u00e9 Manuel Peralta, para trabajar en torno a la construcci\u00f3n de la imagen objetivo para el Plano Regulador Intercomunal (PRI) Choapa.<\/p>\n<p style=\"text-align: justify;\">En esta oportunidad, y tras haber finalizado el proceso de audiencias p\u00fablicas, que tuvo lugar entre el 1 de junio y 15 de julio pasado, se realiz\u00f3 una inducci\u00f3n a los integrantes del cuerpo colegiado, quienes tendr\u00e1n un mes para analizar y sistematizar las observaciones realizadas por las y los vecinos en estas instancias participativas.<\/p>\n<p style=\"text-align: justify;\">Como detall\u00f3 el presidente de la comisi\u00f3n, Wladimir Pleticosic, \u201ccon el trabajo coordinado entre Consejo Regional, Gobierno Regional y SEREMI de Vivienda y Urbanismo pudimos hacer 8 audiencias p\u00fablicas, junto con la empresa consultora, y hoy estamos iniciando este proceso de an\u00e1lisis de observaciones. Tuvimos m\u00e1s de 400 observaciones y eso habla de que el proceso se hizo mirando a la ciudadan\u00eda, que era uno de los elementos primordiales que quer\u00edamos reflejar como cuerpo colegiado en este proceso\u201d.<\/p>\n<p style=\"text-align: justify;\">El consejero detall\u00f3 que primero trabajar\u00e1 una comisi\u00f3n especial, conformada por el presidente de la comisi\u00f3n y los cuatro consejeros representantes del Choapa, Juan Barraza, Darwin Ibacache, David Mu\u00f1oz y Cristian Rondanelli. Luego, el resultado de este trabajo pasar\u00e1 a votaci\u00f3n de la comisi\u00f3n de ordenamiento territorial del mismo CORE y, finalmente, a aprobaci\u00f3n en sesi\u00f3n plenaria. El trabajo de la comisi\u00f3n especial se realizar\u00e1 en cuatro sesiones a partir del 29 de agosto, finalizando el 20 de septiembre y votando en pleno el 27 de octubre.<\/p>\n<p style=\"text-align: justify;\">Sobre los pasos a seguir en este proceso, el Seremi de Minvu, Jos\u00e9 Manuel peralta, dijo que \u201clo m\u00e1s importante es que tenemos un mes para seguir conversando con los consejeros regionales desde una mirada t\u00e9cnica, porque como ministerio venimos a ser un soporte t\u00e9cnico a las pol\u00edticas que el consejo va a desarrollar a trav\u00e9s del instrumento PRI Choapa. Estamos a disposici\u00f3n de ellos para colaborar en este an\u00e1lisis de observaciones, sugerencias y propuestas, de modo que tengan una buena respuesta, coherente y consistente con la Ley de Urbanismo y Construcci\u00f3n, pero que sintetice bien la mirada que el cuerpo colegiado tiene del territorio del Choapa\u201d.<\/p>\n<p style=\"text-align: justify;\">El consejero por Choapa Darwin Ibacache enfatiz\u00f3 en que \u201csi se logr\u00f3 un importante n\u00famero de observaciones es en parte a que se escuch\u00f3 a los consejeros del Choapa respecto de las participaciones ciudadanas, que en un inicio y por contrato la consultora consideraba 2 y se logr\u00f3 en conversaci\u00f3n con los involucrados hacer 8 instancias ciudadanas. De esta forma se democratizan las decisiones, las observaciones, y esperamos que el resultado sea un PRI de mejor calidad y que sea la casa de todos quienes habitamos en el Choapa\u201d.<\/p>\n<p style=\"text-align: justify;\">La visi\u00f3n de la comunidad en materia medioambiental es uno de los principales elementos recibidos a trav\u00e9s de este proceso de participaci\u00f3n. As\u00ed lo detall\u00f3 el consejero por Choapa David Mu\u00f1oz, quien se\u00f1al\u00f3 que \u201cla comunidad siente que este tema no ha sido visualizado como se requiere de parte de la imagen objetivo, por lo que el tema ambiental es uno de los que m\u00e1s preocupa en la provincia del Choapa. Tambi\u00e9n van muy de la mano los sitios arqueol\u00f3gicos y las \u00e1reas de crecimiento urbano e industrial de cada una de las provincias\u201d.<\/p>\n<p style=\"text-align: justify;\">Finalmente, para el consejero Juan Barraza \u201ces muy importante haber llegado a m\u00e1s de 400 observaciones, de las que ahora nos tenemos que hacer cargo y estar con la gente. Si la gente hizo observaciones de desaprobaci\u00f3n y estas est\u00e1n bien fundamentadas, tenemos que trabajar con este elemento y ver c\u00f3mo siguen las siguientes fases de elaboraci\u00f3n del PRI Choapa, de mantenerse, yo estar\u00eda a favor de no aprobar esta herramienta de planificaci\u00f3n\u201d.<\/p>\n","protected":false},"excerpt":{"rendered":"<p>Entre en 1 de junio y 15 de julio se realizaron las exposiciones y audiencias p\u00fablicas en las comunas de Los Vilos, Canela, Illapel, y Salamanca, instancias donde la comunidad pudo conocer las propuestas de imagen objetivo para el Plano Regulador Intercomunal (PRI) Choapa y expresar sus ideas y observaciones<\/p>\n","protected":false},"author":1,"featured_media":1421,"comment_status":"closed","ping_status":"open","sticky":false,"template":"","format":"standard","meta":{"footnotes":""},"categories":[19],"tags":[],"class_list":["post-1420","post","type-post","status-publish","format-standard","has-post-thumbnail","hentry","category-corecoquimbo"],"_links":{"self":[{"href":"https:\/\/minutaregional.cl\/index.php?rest_route=\/wp\/v2\/posts\/1420","targetHints":{"allow":["GET"]}}],"collection":[{"href":"https:\/\/minutaregional.cl\/index.php?rest_route=\/wp\/v2\/posts"}],"about":[{"href":"https:\/\/minutaregional.cl\/index.php?rest_route=\/wp\/v2\/types\/post"}],"author":[{"embeddable":true,"href":"https:\/\/minutaregional.cl\/index.php?rest_route=\/wp\/v2\/users\/1"}],"replies":[{"embeddable":true,"href":"https:\/\/minutaregional.cl\/index.php?rest_route=%2Fwp%2Fv2%2Fcomments&post=1420"}],"version-history":[{"count":1,"href":"https:\/\/minutaregional.cl\/index.php?rest_route=\/wp\/v2\/posts\/1420\/revisions"}],"predecessor-version":[{"id":1422,"href":"https:\/\/minutaregional.cl\/index.php?rest_route=\/wp\/v2\/posts\/1420\/revisions\/1422"}],"wp:featuredmedia":[{"embeddable":true,"href":"https:\/\/minutaregional.cl\/index.php?rest_route=\/wp\/v2\/media\/1421"}],"wp:attachment":[{"href":"https:\/\/minutaregional.cl\/index.php?rest_route=%2Fwp%2Fv2%2Fmedia&parent=1420"}],"wp:term":[{"taxonomy":"category","embeddable":true,"href":"https:\/\/minutaregional.cl\/index.php?rest_route=%2Fwp%2Fv2%2Fcategories&post=1420"},{"taxonomy":"post_tag","embeddable":true,"href":"https:\/\/minutaregional.cl\/index.php?rest_route=%2Fwp%2Fv2%2Ftags&post=1420"}],"curies":[{"name":"wp","href":"https:\/\/api.w.org\/{rel}","templated":true}]}}