{"id":1417,"date":"2022-08-23T23:05:47","date_gmt":"2022-08-23T23:05:47","guid":{"rendered":"https:\/\/minutaregional.cl\/?p=1417"},"modified":"2022-08-23T23:05:48","modified_gmt":"2022-08-23T23:05:48","slug":"juegos-deportivos-escolares-2022-balonmano-prepara-la-gran-final-regional","status":"publish","type":"post","link":"https:\/\/minutaregional.cl\/?p=1417","title":{"rendered":"Juegos Deportivos Escolares  2022  Balonmano Prepara la Gran Final Regional"},"content":{"rendered":"<div style=\"text-align: justify;\"><i>Finalizadas\u00a0 las\u00a0 competencias\u00a0 provinciales,\u00a0 el balonmano\u00a0 se prepara para la competencia de la gran final regional, en tanto otros deporte,\u00a0 disputados de manera paralela, ya han finalizado sus competencias provinciales e inician un intenso trabajo de\u00a0 preparaci\u00f3n, para enfrentar la final regional<\/i>.<\/div>\n<div style=\"text-align: justify;\"><\/div>\n<div style=\"text-align: justify;\">Los\u00a0 Juegos Deportivos\u00a0 Escolares, evento deportivo que re\u00fane a\u00a0 escolares sub 14 y juveniles\u00a0 damas y varones, de establecimientos educacionales\u00a0 de\u00a0 b\u00e1sica y media,\u00a0 convocados por el Ministerio del Deporte y ejecutado por el Instituto Nacional\u00a0 de Deportes,\u00a0 \u00a0ya realizadas\u00a0 algunas etapas regionales,\u00a0 se\u00a0 \u00a0comienzan\u00a0 a configurar las delegaciones,\u00a0 \u00a0que representar\u00e1n,\u00a0 a la regi\u00f3n, en la gran final\u00a0 nacional,\u00a0 y de manera paralela, se realizaron las finales provinciales de Elqui. Limar\u00ed y Choapa, en las disciplinas de: nataci\u00f3n, futsal, basquetbol,\u00a0 voleibol y balonmano, damas y varones.<\/div>\n<div style=\"text-align: justify;\"><\/div>\n<div style=\"text-align: justify;\">Al respecto,\u00a0 el Director Regional del IND Jonathan Pino Naranjo, se\u00f1ala: \u201cEstamos terminando la etapa\u00a0 provincial de los Juegos Deportivos Escolares, en esta jornada particularmente con el balonmano, ahora nos preparamos para enfrentar la etapa regional , vamos a estar en distintas comunas, descentralizando tambi\u00e9n las actividades y la finalizaci\u00f3n de los juegos, esperanzados tambi\u00e9n que los representantes que ganen sus competencias puedan tambi\u00e9n,\u00a0 \u00a0tener una exitosa participaci\u00f3n,\u00a0 \u00a0en los Juegos Nacionales,\u00a0 que se empezaran a realizar,\u00a0 desde fines de septiembre, primeramente en la regi\u00f3n de Atacama\u201d.<\/div>\n<div style=\"text-align: justify;\"><\/div>\n<div style=\"text-align: justify;\">Por su parte, el Seremi del Deporte Fernando Medina Vergara, agreg\u00f3: \u201cTerminada la etapa provincial del balonmano, queremos felicitar\u00a0 a las participantes, estamos retomando las iniciativas competitivas, en la regi\u00f3n\u00a0 y le deseamos lo mejor a nuestras deportistas\u00a0 que nos representan,\u00a0 \u00a0para que en lo deportivo,\u00a0 nos vaya s\u00faper bien , esta es son las instancias que\u00a0 se est\u00e1n\u00a0 abriendo,\u00a0 para\u00a0 que los deportistas, especialmente en el nivel escolar, retomen las\u00a0 iniciativas, se hagan espacios y se abran nuevas oportunidades de participaci\u00f3n, \u00e9xito para todas y todos\u201d.<\/div>\n<div style=\"text-align: justify;\"><\/div>\n<div style=\"text-align: justify;\">En lo deportivo, en la categor\u00eda varones sub 14, tras desarrollarse la etapa Provincial Elqui, clasific\u00f3 a la etapa regional el Colegio Amazing Grace Pe\u00f1uelas (Coquimbo), al vencer a las escuelas Juan Rendic (localidad de Talcuna, Comuna de Vicu\u00f1a), por\u00a0 cinco tantos a dos,\u00a0 a la Escuela\u00a0 Saturno (localidad de Saturno, comuna de La Serena), por diez tantos\u00a0 a seis. En la misma fase provincial,\u00a0 en la categor\u00eda damas sub 14, clasifico el\u00a0 Colegio\u00a0 Christ School\u00a0 de La Serena, tras vencer al colegio Golden High School de Coquimbo, por\u00a0 trece tantos a siete.<\/div>\n<div style=\"text-align: justify;\"><\/div>\n<div style=\"text-align: justify;\">Al final de la jornada, los deportistas de ambos colegios triunfadores,\u00a0 dijeron: \u201cPara nosotras era muy importante estar ac\u00e1, con mi equipo, desde el final venimos trabajando\u00a0 para llegar al provincial, ganar el regional e ir al nacional, esa es nuestra meta\u201d, Martina Molina Moraga, capitana del seleccionado del Christ School\u00a0 de La Serena, tambi\u00e9n Nicol\u00e1s Figueroa capit\u00e1n del Colegio Amazing Grace , agreg\u00f3: \u201cLlegar a la provincial es un largo camino, con un equipo que ven\u00eda reci\u00e9n entrenando este a\u00f1o, yo que llevo m\u00e1s a\u00f1os,\u00a0 fue dif\u00edcil acompa\u00f1arme a ellos, gracias a Dios ganamos\u201d.<\/div>\n<div style=\"text-align: justify;\"><\/div>\n<div style=\"text-align: justify;\">En el intertanto,\u00a0 las competencias provinciales de deportes colectivos: : Futsal, B\u00e1squetbol, Voleibol y\u00a0 Balonmano, para la categor\u00eda damas y varones\u00a0 sub 14,\u00a0 ya se realizaron,\u00a0 la\u00a0 competencia de la provincia de Elqui,\u00a0 se realiz\u00f3 , entre el 17 al 13 de agosto, el de\u00a0 la provincia de Limar\u00ed, se realiz\u00f3 entre el 16 al 19 de agosto y el de la provincia del Choapa, se ejecut\u00f3 entre el\u00a0 09 al 12 de agosto, reci\u00e9n pasado, en lo que respecta las fases regionales, se programan las\u00a0 ciudades de:\u00a0 La Serena, Canela, Coquimbo, Ovalle, Illapel, en las siguientes fechas:, Ajedrez (12 -13 agosto)), Tenis de Mesa (27 de agosto), Ciclismo (27 agosto), Atletismo (septiembre) y Taekwondo\u00a0 (noviembre).<\/div>\n","protected":false},"excerpt":{"rendered":"<p>Finalizadas\u00a0 las\u00a0 competencias\u00a0 provinciales,\u00a0 el balonmano\u00a0 se prepara para la competencia de la gran final regional, en tanto otros deporte,\u00a0 disputados de manera paralela, ya han finalizado sus competencias provinciales e inician un intenso trabajo de\u00a0 preparaci\u00f3n, para enfrentar la final regional. Los\u00a0 Juegos Deportivos\u00a0 Escolares, evento deportivo que re\u00fane<\/p>\n","protected":false},"author":1,"featured_media":1418,"comment_status":"closed","ping_status":"open","sticky":false,"template":"","format":"standard","meta":{"footnotes":""},"categories":[37],"tags":[],"class_list":["post-1417","post","type-post","status-publish","format-standard","has-post-thumbnail","hentry","category-ind-coquimbo"],"_links":{"self":[{"href":"https:\/\/minutaregional.cl\/index.php?rest_route=\/wp\/v2\/posts\/1417","targetHints":{"allow":["GET"]}}],"collection":[{"href":"https:\/\/minutaregional.cl\/index.php?rest_route=\/wp\/v2\/posts"}],"about":[{"href":"https:\/\/minutaregional.cl\/index.php?rest_route=\/wp\/v2\/types\/post"}],"author":[{"embeddable":true,"href":"https:\/\/minutaregional.cl\/index.php?rest_route=\/wp\/v2\/users\/1"}],"replies":[{"embeddable":true,"href":"https:\/\/minutaregional.cl\/index.php?rest_route=%2Fwp%2Fv2%2Fcomments&post=1417"}],"version-history":[{"count":1,"href":"https:\/\/minutaregional.cl\/index.php?rest_route=\/wp\/v2\/posts\/1417\/revisions"}],"predecessor-version":[{"id":1419,"href":"https:\/\/minutaregional.cl\/index.php?rest_route=\/wp\/v2\/posts\/1417\/revisions\/1419"}],"wp:featuredmedia":[{"embeddable":true,"href":"https:\/\/minutaregional.cl\/index.php?rest_route=\/wp\/v2\/media\/1418"}],"wp:attachment":[{"href":"https:\/\/minutaregional.cl\/index.php?rest_route=%2Fwp%2Fv2%2Fmedia&parent=1417"}],"wp:term":[{"taxonomy":"category","embeddable":true,"href":"https:\/\/minutaregional.cl\/index.php?rest_route=%2Fwp%2Fv2%2Fcategories&post=1417"},{"taxonomy":"post_tag","embeddable":true,"href":"https:\/\/minutaregional.cl\/index.php?rest_route=%2Fwp%2Fv2%2Ftags&post=1417"}],"curies":[{"name":"wp","href":"https:\/\/api.w.org\/{rel}","templated":true}]}}