{"id":1403,"date":"2022-08-23T21:08:59","date_gmt":"2022-08-23T21:08:59","guid":{"rendered":"https:\/\/minutaregional.cl\/?p=1403"},"modified":"2022-08-23T21:08:59","modified_gmt":"2022-08-23T21:08:59","slug":"lanzan-programa-regional-para-posicionar-ideas-de-negocio-con-miras-al-escalamiento-internacional","status":"publish","type":"post","link":"https:\/\/minutaregional.cl\/?p=1403","title":{"rendered":"Lanzan Programa Regional para Posicionar Ideas de Negocio con Miras al Escalamiento Internacional"},"content":{"rendered":"<p class=\"yiv6456486023MsoNormal\" style=\"text-align: justify;\"><i><span lang=\"ES\">\u201cLa Br\u00fajula Incuba\u201d, es el nombre de la iniciativa dirigida a emprendedores de m\u00e1s de 18 a\u00f1os de edad que cuenten con una idea de negocio en etapa inicial.<\/span><\/i><\/p>\n<p class=\"yiv6456486023MsoNormal\" style=\"text-align: justify;\"><span lang=\"ES\">Buscar que los emprendedores puedan conectarse con potenciales instrumentos de financiamiento, oportunidades de negocio o posibles clientes- que puedan aparecer en el mediano o corto plazo- es el objetivo del programa que seleccionar\u00e1 a 10 talentos de la regi\u00f3n de Coquimbo para ayudarlos a impulsar sus ideas de negocio.<\/span><\/p>\n<p class=\"yiv6456486023MsoNormal\" style=\"text-align: justify;\"><span lang=\"ES\">Al respecto Karina Salas, Gerenta de la Br\u00fajula Cowork, espacio colaborativo que cuenta con el apoyo de Corfo, indic\u00f3 que \u00abestamos buscando emprendedores que quieran escalar sus proyectos a nivel internacional para apoyarlos a trav\u00e9s de ocho m\u00f3dulos de entrenamiento y asesor\u00edas personalizadas a validar t\u00e9cnica y comercialmente sus emprendimientos. Las postulaciones\u00a0estar\u00e1n abiertas hasta el 4 de septiembre\u00bb.\u00a0<\/span><\/p>\n<p class=\"yiv6456486023MsoNormal\" style=\"text-align: justify;\"><span lang=\"ES\">Los seleccionados podr\u00e1n acceder a contenido de gran nivel sobre metodolog\u00edas \u00e1giles para la creaci\u00f3n y desarrollo de ideas de negocio, as\u00ed como a herramientas claves para innovar, redes de contacto y aliados para el desarrollo de sus proyectos.<\/span><\/p>\n<p class=\"yiv6456486023MsoNormal\" style=\"text-align: justify;\"><span lang=\"ES\">\u00a0<\/span><span lang=\"ES\">Al respecto el Director Regional de Corfo, Andr\u00e9s Zurita, declar\u00f3 que \u201cpara Corfo resulta muy relevante fomentar las actividades de emprendimiento, y en particular de emprendimiento din\u00e1mico, que permitan apoyar nuevas iniciativas desde sus fases iniciales de crecimiento a trav\u00e9s del equipo de La Br\u00fajula Cowork, que cuenta con una amplia experiencia y ha desarrollado muchas actividades para potenciar estos emprendimientos\u00bb.\u00a0<\/span><\/p>\n<p class=\"yiv6456486023MsoNormal\" style=\"text-align: justify;\"><span lang=\"ES\">En total se desarrollar\u00e1n 8 m\u00f3dulos de entrenamiento y asesor\u00edas personalizadas a trav\u00e9s de jornadas presenciales y las postulaciones est\u00e1n abiertas hasta el 4 de septiembre en\u00a0<a href=\"http:\/\/www.labrujulacowork.cl\/\" target=\"_blank\" rel=\"nofollow noopener noreferrer\">www.labrujulacowork.cl<\/a><\/span><\/p>\n<p class=\"yiv6456486023MsoNormal\" style=\"text-align: justify;\"><u><span lang=\"ES\">Sobre la Br\u00fajula Cowork<\/span><\/u><\/p>\n<p class=\"yiv6456486023MsoNormal\" style=\"text-align: justify;\"><span lang=\"ES\">El espacio colaborativo para emprendedores, ha incubado, desde el a\u00f1o 2015, a m\u00e1s de 550 proyectos; patrocinado 80 emprendimientos que han levantado fondos Corfo en la regi\u00f3n y 12.000 emprendedores capacitados en metodolog\u00edas de emprendimiento e innovaci\u00f3n en el norte del pa\u00eds.<\/span><\/p>\n<p class=\"yiv6456486023MsoNormal\" style=\"text-align: justify;\"><span lang=\"ES\">Lo anterior a trav\u00e9s de metodolog\u00edas de emprendimiento e innovaci\u00f3n mediante servicios de cowork, incubaci\u00f3n, patrocinio y aceleraci\u00f3n.<\/span><\/p>\n<p class=\"yiv6456486023MsoNormal\">\n","protected":false},"excerpt":{"rendered":"<p>\u201cLa Br\u00fajula Incuba\u201d, es el nombre de la iniciativa dirigida a emprendedores de m\u00e1s de 18 a\u00f1os de edad que cuenten con una idea de negocio en etapa inicial. Buscar que los emprendedores puedan conectarse con potenciales instrumentos de financiamiento, oportunidades de negocio o posibles clientes- que puedan aparecer en<\/p>\n","protected":false},"author":1,"featured_media":1404,"comment_status":"closed","ping_status":"open","sticky":false,"template":"","format":"standard","meta":{"footnotes":""},"categories":[20],"tags":[],"class_list":["post-1403","post","type-post","status-publish","format-standard","has-post-thumbnail","hentry","category-corfo"],"_links":{"self":[{"href":"https:\/\/minutaregional.cl\/index.php?rest_route=\/wp\/v2\/posts\/1403","targetHints":{"allow":["GET"]}}],"collection":[{"href":"https:\/\/minutaregional.cl\/index.php?rest_route=\/wp\/v2\/posts"}],"about":[{"href":"https:\/\/minutaregional.cl\/index.php?rest_route=\/wp\/v2\/types\/post"}],"author":[{"embeddable":true,"href":"https:\/\/minutaregional.cl\/index.php?rest_route=\/wp\/v2\/users\/1"}],"replies":[{"embeddable":true,"href":"https:\/\/minutaregional.cl\/index.php?rest_route=%2Fwp%2Fv2%2Fcomments&post=1403"}],"version-history":[{"count":1,"href":"https:\/\/minutaregional.cl\/index.php?rest_route=\/wp\/v2\/posts\/1403\/revisions"}],"predecessor-version":[{"id":1405,"href":"https:\/\/minutaregional.cl\/index.php?rest_route=\/wp\/v2\/posts\/1403\/revisions\/1405"}],"wp:featuredmedia":[{"embeddable":true,"href":"https:\/\/minutaregional.cl\/index.php?rest_route=\/wp\/v2\/media\/1404"}],"wp:attachment":[{"href":"https:\/\/minutaregional.cl\/index.php?rest_route=%2Fwp%2Fv2%2Fmedia&parent=1403"}],"wp:term":[{"taxonomy":"category","embeddable":true,"href":"https:\/\/minutaregional.cl\/index.php?rest_route=%2Fwp%2Fv2%2Fcategories&post=1403"},{"taxonomy":"post_tag","embeddable":true,"href":"https:\/\/minutaregional.cl\/index.php?rest_route=%2Fwp%2Fv2%2Ftags&post=1403"}],"curies":[{"name":"wp","href":"https:\/\/api.w.org\/{rel}","templated":true}]}}