{"id":1397,"date":"2022-08-23T05:53:08","date_gmt":"2022-08-23T05:53:08","guid":{"rendered":"https:\/\/minutaregional.cl\/?p=1397"},"modified":"2022-08-23T05:53:08","modified_gmt":"2022-08-23T05:53:08","slug":"invitan-a-profesores-educadoras-y-asistentes-de-la-educacion-a-talleres-de-salud-mental-bienestar-socioemocional-y-convivencia-escolar","status":"publish","type":"post","link":"https:\/\/minutaregional.cl\/?p=1397","title":{"rendered":"Invitan a profesores, educadoras y asistentes de la educaci\u00f3n a talleres de salud mental, bienestar socioemocional y convivencia escolar"},"content":{"rendered":"<p style=\"text-align: justify;\">El Ministerio de Educaci\u00f3n dise\u00f1\u00f3 la Pol\u00edtica de Reactivaci\u00f3n Educativa Integral \u201cSeamos Comunidad\u201d, cuyo primer eje es el Bienestar y la Convivencia Escolar para entregar herramientas a las comunidades educativas en este a\u00f1o de retorno a la presencialidad, en que las denuncias sobre maltrato f\u00edsico y psicol\u00f3gico entre estudiantes aumentaron en un 43% con respecto al promedio de los a\u00f1os 2018 y 2019.<\/p>\n<p style=\"text-align: justify;\">Esta iniciativa surge de un acuerdo de cooperaci\u00f3n y colaboraci\u00f3n entre el Mineduc, a trav\u00e9s de su Centro de Perfeccionamiento, Experimentaci\u00f3n e Investigaciones Pedag\u00f3gicas (CPEIP), el Consorcio de Universidades del Estado de Chile (CUECH) y la Universidad Austral, y cont\u00f3 adem\u00e1s con la colaboraci\u00f3n del Ministerio de Salud.<\/p>\n<p style=\"text-align: justify;\">En la Regi\u00f3n de Coquimbo se dictar\u00e1n 14 talleres con 840 cupos en alianza con la Universidad de La Serena, que son parte de los 398 talleres a nivel nacional y 23.880 cupos sobre habilidades socioemocionales y salud mental, dirigidos a docentes, educadoras de p\u00e1rvulos y duplas psicosociales del sistema municipal, servicios locales de educaci\u00f3n, de establecimientos particulares subvencionados y administraci\u00f3n delegada.<\/p>\n<p style=\"text-align: justify;\">La Seremi de Educaci\u00f3n Cecilia Ram\u00edrez Ch\u00e1vez indic\u00f3 que \u201cestos talleres son parte de la Pol\u00edtica de Reactivaci\u00f3n Educativa Integral \u2018Seamos Comunidad\u2019 y apoyar\u00e1n a miles de profesoras, profesores, asistentes de la educaci\u00f3n y equipos directivos para que puedan contar con herramientas para ayudar a las y los estudiantes. Como ha se\u00f1alado nuestro Ministro Marco Antonio \u00c1vila tenemos una tarea importante, no solo en las brechas de aprendizaje asociadas a las asignaturas propias del curr\u00edculum, sino tambi\u00e9n a la formaci\u00f3n integral, que es parte de nuestro foco y de aquello que estamos presentando al pa\u00eds como un cambio de paradigma educativo\u201d.<\/p>\n<p style=\"text-align: justify;\">La Seremi de Educaci\u00f3n extiende la invitaci\u00f3n a inscribirse y participar de estos talleres en formaci\u00f3n socioemocional y salud mental \u201cinvito a profesoras, profesores, educadoras y educadores de p\u00e1rvulos y asistentes de la educaci\u00f3n de las 15 comunas de nuestra regi\u00f3n, a inscribirse y participar en los 14 talleres que trabajaremos en conjunto con acad\u00e9micos del Departamento de Psicolog\u00eda de la Universidad de La Serena, los cuales se realizar\u00e1n entre el 31 de agosto y el 28 de septiembre. Realizaremos 7 talleres de salud mental, bienestar socioemocional y autocuidado y 7 talleres de convivencia escolar, con un total de 840 cupos. Los talleres se impartir\u00e1n presencialmente en 5 sedes territoriales: La Serena, Coquimbo, Ovalle, Salamanca e Illapel, de manera de facilitar la participaci\u00f3n de todas y todos de quienes se quieran inscribir \u201d.<\/p>\n<p style=\"text-align: justify;\">La dra. Susan Galdames, acad\u00e9mica y Directora de la Escuela de Psicolog\u00eda de la Universidad de La Serena se\u00f1al\u00f3 que \u201ceste proyecto nos permite realizar vinculaci\u00f3n con profesionales del \u00e1mbito educativo de las distintas comunas de la regi\u00f3n de Coquimbo, abordando las principales problem\u00e1ticas que nos afectan en este periodo post pandemia. Es una oportunidad de mostrar la calidad y compromiso social de nuestra casa de estudios hacia y con la comunidad regional. Adem\u00e1s es un proyecto a nivel pa\u00eds y se nos ha elegido como Universidad Estatal de la regi\u00f3n, lo que nos plantea un desaf\u00edo de responder al mejor nivel posible\u201d.<\/p>\n<p style=\"text-align: justify;\">La dra. Susan Galdames agreg\u00f3 que \u201cestamos participando un equipo de 8 acad\u00e9micas de psicolog\u00eda m\u00e1s un equipo de apoyo log\u00edstico. Esperamos entregar estrategias que sean \u00fatiles para los profesores que siempre est\u00e1n en primera l\u00ednea ante la poblaci\u00f3n estudiantil y las problem\u00e1ticas que los afectan. Esperamos aportar al bienestar de las comunidades escolares. As\u00ed tambi\u00e9n, la experiencia nos servir\u00e1 para compartirla con nuestros estudiantes de psicolog\u00eda, asegur\u00e1ndonos de que su formaci\u00f3n est\u00e9 alineada con los problemas actuales reales de nuestro territorio\u201d.<\/p>\n<p style=\"text-align: justify;\">Las y los interesados pueden ingresar a la p\u00e1gina web <a href=\"https:\/\/nam02.safelinks.protection.outlook.com\/?url=http%3A%2F%2Fwww.userena.cl%2Fseamoscomunidad&amp;data=05%7C01%7Ccarmen.moreno%40mineduc.cl%7Cf249612910b44b82810a08da7aef3a6f%7C2e4cfe500580414093874ecde39def60%7C0%7C0%7C637957465148102922%7CUnknown%7CTWFpbGZsb3d8eyJWIjoiMC4wLjAwMDAiLCJQIjoiV2luMzIiLCJBTiI6Ik1haWwiLCJXVCI6Mn0%3D%7C3000%7C%7C%7C&amp;sdata=Q%2BUOhaSf%2F8%2FiO8pOYXC%2B6rQoEaquQBpOzOEcoxqYFZY%3D&amp;reserved=0\">http:\/\/www.userena.cl\/seamoscomunidad<\/a> que tiene la informaci\u00f3n de los talleres que se dictar\u00e1n en la Regi\u00f3n de Coquimbo, entre el 31 de agosto y el 28 de septiembre, el de \u201cSalud mental y autocuidado psicol\u00f3gico\u201d a cargo de las relatoras Dra. Susan Galdames; Mg. Paola Dinamarca; Mg. Viviana Romero y Mg\u00a9 Carla Andrade y el de \u201cConvivencia Escolar y Bienestar socioemocional\u201d a cargo de las relatoras Dra. Mar\u00eda Lourdes Campos, Dra. Andrea Edding, Mg. Silvana Oros y Psic\u00f3loga Javiera Flores.<\/p>\n<p style=\"text-align: justify;\">El Mineduc dispone de la p\u00e1gina <a href=\"https:\/\/seamoscomunidad.mineduc.cl\/\">https:\/\/seamoscomunidad.mineduc.cl\/<\/a> \u00a0\u00a0para que las y los trabajadores de la educaci\u00f3n encuentren disponible la informaci\u00f3n de postulaciones a los 398 talleres. Las capacitaciones tendr\u00e1n una duraci\u00f3n de 8 horas de ejecuci\u00f3n de manera presencial, m\u00e1s 3 horas de acompa\u00f1amiento posterior de manera online.<\/p>\n<p style=\"text-align: justify;\"><strong>Seamos Comunidad<\/strong><\/p>\n<p style=\"text-align: justify;\"><strong>\u00a0<\/strong>La Pol\u00edtica de Reactivaci\u00f3n Educativa Integral \u201cSeamos Comunidad\u201d fue dise\u00f1ada para atender las necesidades m\u00e1s urgentes que dej\u00f3 la pandemia en dimensiones tan prioritarias como la convivencia escolar y la salud mental, la recuperaci\u00f3n integral de aprendizajes, la mejora en las condiciones de infraestructura, la conectividad y la retenci\u00f3n y revinculaci\u00f3n de estudiantes. Seamos Comunidad comenz\u00f3 con acciones de corto plazo, pero se proyectar\u00e1 en los cuatro a\u00f1os de gobierno.<\/p>\n","protected":false},"excerpt":{"rendered":"<p>El Ministerio de Educaci\u00f3n dise\u00f1\u00f3 la Pol\u00edtica de Reactivaci\u00f3n Educativa Integral \u201cSeamos Comunidad\u201d, cuyo primer eje es el Bienestar y la Convivencia Escolar para entregar herramientas a las comunidades educativas en este a\u00f1o de retorno a la presencialidad, en que las denuncias sobre maltrato f\u00edsico y psicol\u00f3gico entre estudiantes aumentaron<\/p>\n","protected":false},"author":1,"featured_media":1398,"comment_status":"closed","ping_status":"open","sticky":false,"template":"","format":"standard","meta":{"footnotes":""},"categories":[40],"tags":[],"class_list":["post-1397","post","type-post","status-publish","format-standard","has-post-thumbnail","hentry","category-secreduc_iv"],"_links":{"self":[{"href":"https:\/\/minutaregional.cl\/index.php?rest_route=\/wp\/v2\/posts\/1397","targetHints":{"allow":["GET"]}}],"collection":[{"href":"https:\/\/minutaregional.cl\/index.php?rest_route=\/wp\/v2\/posts"}],"about":[{"href":"https:\/\/minutaregional.cl\/index.php?rest_route=\/wp\/v2\/types\/post"}],"author":[{"embeddable":true,"href":"https:\/\/minutaregional.cl\/index.php?rest_route=\/wp\/v2\/users\/1"}],"replies":[{"embeddable":true,"href":"https:\/\/minutaregional.cl\/index.php?rest_route=%2Fwp%2Fv2%2Fcomments&post=1397"}],"version-history":[{"count":1,"href":"https:\/\/minutaregional.cl\/index.php?rest_route=\/wp\/v2\/posts\/1397\/revisions"}],"predecessor-version":[{"id":1399,"href":"https:\/\/minutaregional.cl\/index.php?rest_route=\/wp\/v2\/posts\/1397\/revisions\/1399"}],"wp:featuredmedia":[{"embeddable":true,"href":"https:\/\/minutaregional.cl\/index.php?rest_route=\/wp\/v2\/media\/1398"}],"wp:attachment":[{"href":"https:\/\/minutaregional.cl\/index.php?rest_route=%2Fwp%2Fv2%2Fmedia&parent=1397"}],"wp:term":[{"taxonomy":"category","embeddable":true,"href":"https:\/\/minutaregional.cl\/index.php?rest_route=%2Fwp%2Fv2%2Fcategories&post=1397"},{"taxonomy":"post_tag","embeddable":true,"href":"https:\/\/minutaregional.cl\/index.php?rest_route=%2Fwp%2Fv2%2Ftags&post=1397"}],"curies":[{"name":"wp","href":"https:\/\/api.w.org\/{rel}","templated":true}]}}