{"id":1387,"date":"2022-08-23T04:21:41","date_gmt":"2022-08-23T04:21:41","guid":{"rendered":"https:\/\/minutaregional.cl\/?p=1387"},"modified":"2022-08-23T04:21:41","modified_gmt":"2022-08-23T04:21:41","slug":"diputado-manouchehri-respalda-a-servel-con-teorias-terraplanistas-buscan-instalar-falsedades","status":"publish","type":"post","link":"https:\/\/minutaregional.cl\/?p=1387","title":{"rendered":"Diputado Manouchehri respalda a Servel: \u201cCon teor\u00edas terraplanistas buscan instalar falsedades\u201d"},"content":{"rendered":"<p>De cara al plebiscito de salida del 4 de septiembre, diputadas y diputados de diversas bancadas se reunieron con la mesa directiva del Servel. Los parlamentarios entregaron su respaldo a la instituci\u00f3n a ra\u00edz de las acusaciones de fraude electoral realizadas por figuras de la opci\u00f3n Rechazo.<\/p>\n<p>El diputado socialista Daniel Manouchehri, presente en la reuni\u00f3n, expres\u00f3 que las acusaciones responden a \u201clas fake news y la mentira como herramienta pol\u00edtica. Ac\u00e1 con teor\u00edas terraplanistas se busca instalar falsedades y agitar a los fan\u00e1ticos pol\u00edticos que los siguen en las redes. Incluso atacando la memoria de las v\u00edctimas de la dictadura\u201d.<\/p>\n<p>Asimismo, indic\u00f3 que \u201cestas acciones son del mismo manual de Trump o Bolsonaro y da\u00f1an la democracia. El af\u00e1n de figuraci\u00f3n debe tener l\u00edmites\u201d.<\/p>\n<p>En esa l\u00ednea, el legislador de la Regi\u00f3n de Coquimbo ratific\u00f3 su respaldo a la labor del Servicio Electoral. \u201cEl Servel es una instituci\u00f3n seria, representada por todas las visiones pol\u00edticas, incluso presidida por una persona de la UDI. Por eso todas las bancadas de diputados nos hemos reunido con el presidente del Servel y todos sus directores, para darles nuestro respaldo p\u00fablico. No existe ning\u00fan antecedente serio de un eventual fraude electoral\u201d, se\u00f1al\u00f3.<\/p>\n<p>&nbsp;<\/p>\n","protected":false},"excerpt":{"rendered":"<p>De cara al plebiscito de salida del 4 de septiembre, diputadas y diputados de diversas bancadas se reunieron con la mesa directiva del Servel. Los parlamentarios entregaron su respaldo a la instituci\u00f3n a ra\u00edz de las acusaciones de fraude electoral realizadas por figuras de la opci\u00f3n Rechazo. El diputado socialista<\/p>\n","protected":false},"author":1,"featured_media":1389,"comment_status":"closed","ping_status":"open","sticky":false,"template":"","format":"standard","meta":{"footnotes":""},"categories":[26],"tags":[],"class_list":["post-1387","post","type-post","status-publish","format-standard","has-post-thumbnail","hentry","category-camara-de-diputadas-y-diputados"],"_links":{"self":[{"href":"https:\/\/minutaregional.cl\/index.php?rest_route=\/wp\/v2\/posts\/1387","targetHints":{"allow":["GET"]}}],"collection":[{"href":"https:\/\/minutaregional.cl\/index.php?rest_route=\/wp\/v2\/posts"}],"about":[{"href":"https:\/\/minutaregional.cl\/index.php?rest_route=\/wp\/v2\/types\/post"}],"author":[{"embeddable":true,"href":"https:\/\/minutaregional.cl\/index.php?rest_route=\/wp\/v2\/users\/1"}],"replies":[{"embeddable":true,"href":"https:\/\/minutaregional.cl\/index.php?rest_route=%2Fwp%2Fv2%2Fcomments&post=1387"}],"version-history":[{"count":1,"href":"https:\/\/minutaregional.cl\/index.php?rest_route=\/wp\/v2\/posts\/1387\/revisions"}],"predecessor-version":[{"id":1390,"href":"https:\/\/minutaregional.cl\/index.php?rest_route=\/wp\/v2\/posts\/1387\/revisions\/1390"}],"wp:featuredmedia":[{"embeddable":true,"href":"https:\/\/minutaregional.cl\/index.php?rest_route=\/wp\/v2\/media\/1389"}],"wp:attachment":[{"href":"https:\/\/minutaregional.cl\/index.php?rest_route=%2Fwp%2Fv2%2Fmedia&parent=1387"}],"wp:term":[{"taxonomy":"category","embeddable":true,"href":"https:\/\/minutaregional.cl\/index.php?rest_route=%2Fwp%2Fv2%2Fcategories&post=1387"},{"taxonomy":"post_tag","embeddable":true,"href":"https:\/\/minutaregional.cl\/index.php?rest_route=%2Fwp%2Fv2%2Ftags&post=1387"}],"curies":[{"name":"wp","href":"https:\/\/api.w.org\/{rel}","templated":true}]}}