{"id":1381,"date":"2022-08-23T03:35:06","date_gmt":"2022-08-23T03:35:06","guid":{"rendered":"https:\/\/minutaregional.cl\/?p=1381"},"modified":"2022-08-23T03:35:06","modified_gmt":"2022-08-23T03:35:06","slug":"diputado-manouchehri-valora-urgencia-de-nulidad-ley-de-pesca-no-podemos-tener-una-ley-fruto-del-cohecho","status":"publish","type":"post","link":"https:\/\/minutaregional.cl\/?p=1381","title":{"rendered":"Diputado Manouchehri valora urgencia de nulidad Ley de Pesca: \u201cNo podemos tener una ley fruto del cohecho\u201d"},"content":{"rendered":"<p>El gobierno anunci\u00f3 que otorgar\u00e1 suma urgencia al proyecto de ley que declara la nulidad de la Ley de Pesca, que ser\u00e1 ingresada al Senado en su pr\u00f3xima sesi\u00f3n de Sala. Anteriormente la C\u00e1mara de Diputados aprob\u00f3 transversalmente la iniciativa por 117 votos a favor y 20 abstenciones, despach\u00e1ndola a la C\u00e1mara Alta a inicios de agosto.<\/p>\n<p>El diputado Daniel Manouchehri, integrante de la Comisi\u00f3n de Pesca de la C\u00e1mara, valor\u00f3 el anuncio del Ejecutivo. \u201cValoramos profundamente que el gobierno le est\u00e9 dando suma urgencia a la nulidad de una ley corrupta como es la Ley de Pesca. No podemos en nuestro pa\u00eds tener leyes fruto del cohecho\u201d, se\u00f1al\u00f3.<\/p>\n<p>Asimismo, el diputado de la Regi\u00f3n de Coquimbo espera que \u201cel Ejecutivo prontamente pueda enviar un nuevo proyecto de ley para una nueva Ley de Pesca, que proteja los recursos de todos los chilenos y que tenga un gran \u00e9nfasis en la pesca artesanal\u201d.<\/p>\n<p>Al anuncio del Ejecutivo se agrega un proceso de di\u00e1logos ciudadanos participativos y trabajo prelegislativo desde septiembre, para ingresar en marzo de 2023 una nueva Ley de Pesca que cuente con la visi\u00f3n de los distintos actores involucrados.<\/p>\n","protected":false},"excerpt":{"rendered":"<p>El gobierno anunci\u00f3 que otorgar\u00e1 suma urgencia al proyecto de ley que declara la nulidad de la Ley de Pesca, que ser\u00e1 ingresada al Senado en su pr\u00f3xima sesi\u00f3n de Sala. Anteriormente la C\u00e1mara de Diputados aprob\u00f3 transversalmente la iniciativa por 117 votos a favor y 20 abstenciones, despach\u00e1ndola a<\/p>\n","protected":false},"author":1,"featured_media":1382,"comment_status":"closed","ping_status":"open","sticky":false,"template":"","format":"standard","meta":{"footnotes":""},"categories":[26],"tags":[],"class_list":["post-1381","post","type-post","status-publish","format-standard","has-post-thumbnail","hentry","category-camara-de-diputadas-y-diputados"],"_links":{"self":[{"href":"https:\/\/minutaregional.cl\/index.php?rest_route=\/wp\/v2\/posts\/1381","targetHints":{"allow":["GET"]}}],"collection":[{"href":"https:\/\/minutaregional.cl\/index.php?rest_route=\/wp\/v2\/posts"}],"about":[{"href":"https:\/\/minutaregional.cl\/index.php?rest_route=\/wp\/v2\/types\/post"}],"author":[{"embeddable":true,"href":"https:\/\/minutaregional.cl\/index.php?rest_route=\/wp\/v2\/users\/1"}],"replies":[{"embeddable":true,"href":"https:\/\/minutaregional.cl\/index.php?rest_route=%2Fwp%2Fv2%2Fcomments&post=1381"}],"version-history":[{"count":1,"href":"https:\/\/minutaregional.cl\/index.php?rest_route=\/wp\/v2\/posts\/1381\/revisions"}],"predecessor-version":[{"id":1383,"href":"https:\/\/minutaregional.cl\/index.php?rest_route=\/wp\/v2\/posts\/1381\/revisions\/1383"}],"wp:featuredmedia":[{"embeddable":true,"href":"https:\/\/minutaregional.cl\/index.php?rest_route=\/wp\/v2\/media\/1382"}],"wp:attachment":[{"href":"https:\/\/minutaregional.cl\/index.php?rest_route=%2Fwp%2Fv2%2Fmedia&parent=1381"}],"wp:term":[{"taxonomy":"category","embeddable":true,"href":"https:\/\/minutaregional.cl\/index.php?rest_route=%2Fwp%2Fv2%2Fcategories&post=1381"},{"taxonomy":"post_tag","embeddable":true,"href":"https:\/\/minutaregional.cl\/index.php?rest_route=%2Fwp%2Fv2%2Ftags&post=1381"}],"curies":[{"name":"wp","href":"https:\/\/api.w.org\/{rel}","templated":true}]}}