{"id":1378,"date":"2022-08-22T02:43:50","date_gmt":"2022-08-22T02:43:50","guid":{"rendered":"https:\/\/minutaregional.cl\/?p=1378"},"modified":"2022-08-22T02:44:38","modified_gmt":"2022-08-22T02:44:38","slug":"encuentro-de-educacion-ambiental-abordara-las-emociones-ante-el-cambio-climatico","status":"publish","type":"post","link":"https:\/\/minutaregional.cl\/?p=1378","title":{"rendered":"ENCUENTRO DE EDUCACI\u00d3N AMBIENTAL ABORDAR\u00c1 LAS EMOCIONES ANTE EL CAMBIO CLIMATICO"},"content":{"rendered":"<p>El evento organizado por la Mesa Regional de Educaci\u00f3n Para la Sustentabilidad (EDS), que se desarrollar\u00e1 el 23 y 24 de agosto, busca generar nuevos espacios de di\u00e1logos entre los educadores de la Regi\u00f3n de Coquimbo, que permitan fortalecer las estrategias y conocimientos de educaci\u00f3n a distancia y uso de herramientas virtuales.<\/p>\n<p>El rol de las emociones ante la crisis clim\u00e1tica, c\u00f3mo avanzar en la resiliencia comunitaria y apoyar a ni\u00f1os y ni\u00f1as frente al cambio clim\u00e1tico, son algunos de los temas que se abordar\u00e1n durante el 13\u00ba encuentro de educaci\u00f3n ambiental \u201cHabla Educador\u201d. Durante dos d\u00edas expertas dictar\u00e1n, a trav\u00e9s de la plataforma de Youtube, charlas relacionadas a las emociones y el cambio clim\u00e1tico.<\/p>\n<p>El encuentro \u201cEl papel de las emociones en la respuesta al cambio clim\u00e1tico\u201d contempla la realizaci\u00f3n de charlas, talleres y paneles sobre c\u00f3mo las comunidades son resilientes a la crisis clim\u00e1tica, c\u00f3mo afecta el acceso al agua y la sustentabilidad de este recurso natural, las cuales comenzar\u00e1n el martes 23 de agosto desde las 10:00 a 13:00 horas, para continuar al d\u00eda siguiente de manera presencial en el Teatro Municipal de Ovalle, desde las 15:30 horas hasta las 18:00 horas.<\/p>\n<p>Para ingresar en el encuentro online se deber\u00e1 ingresar al canal de Youtube \u201cMesa de Educaci\u00f3n Para la Sustentabilidad\u201d, donde la comunidad podr\u00e1 escuchar y formular sus inquietudes en la secci\u00f3n de comentarios que dispone la p\u00e1gina web. Para participar deben inscribirse enviando un email a educacionsustentablecqbo@gmail.com<\/p>\n<p>Al respecto el Seremi del Medio Ambiente Leonardo Gros P\u00e9rez, destac\u00f3 que \u201chacemos extensiva esta invitaci\u00f3n a todas las comunidades educativas de la regi\u00f3n de Coquimbo al encuentro Habla Educador. Estaremos trabajando temas que nos permitir\u00e1n fortalecer y desarrollar estrategias para acompa\u00f1ar a nuestros ni\u00f1os, ni\u00f1as y j\u00f3venes, para enfrentar los conflictos socioambientales y los impactos de la sequ\u00eda. La idea es avanzar en un proceso de resiliencia comunitaria que nos permita gestionar nuestras emociones ante la urgencia clim\u00e1tica\u201d.<\/p>\n<p>Generando espacios de participaci\u00f3n, educaci\u00f3n y divulgaci\u00f3n<\/p>\n<p>El Ministerio del Medio Ambiente ha realizado por m\u00e1s de 16 a\u00f1os encuentros nacionales y regionales de Educaci\u00f3n Ambiental denominados \u201cHabla Educador\u201d. En la Regi\u00f3n de Coquimbo, el tradicional evento se organiza desde hace 13 a\u00f1os, trayecto que hoy permite reunir a 17 instituciones regionales, las cuales difunden programas y proyectos en el territorio regional en los \u00e1mbitos de: Protecci\u00f3n de los cielos, Biodiversidad, Cambio Clim\u00e1tico, Residuos y Agua.<\/p>\n<p>Para este a\u00f1o los colaborades del encuentro online liderados por la SEREMI del Medio Ambiente, fueron: SEREMI de Educaci\u00f3n, Ilustre Municipalidad de Ovalle, Universidad Central sede La Serena, Direcci\u00f3n General de Aguas, Biblioteca Regional Gabriela Mistral, JUNJI, CONAF, los centros de investigaci\u00f3n CEAZA y CAZALAC, AURA NoirLab, Universidad Cat\u00f3lica del Norte, Cient\u00edficos de la Basura, el Departamento de Arquitectura de la Universidad de La Serena, organizaciones de la sociedad civil, Red Aves, CODEFF, Fundaci\u00f3n Para La Superaci\u00f3n de la Pobreza, EcoTerra.<\/p>\n","protected":false},"excerpt":{"rendered":"<p>El evento organizado por la Mesa Regional de Educaci\u00f3n Para la Sustentabilidad (EDS), que se desarrollar\u00e1 el 23 y 24 de agosto, busca generar nuevos espacios de di\u00e1logos entre los educadores de la Regi\u00f3n de Coquimbo, que permitan fortalecer las estrategias y conocimientos de educaci\u00f3n a distancia y uso de<\/p>\n","protected":false},"author":1,"featured_media":1379,"comment_status":"closed","ping_status":"open","sticky":false,"template":"","format":"standard","meta":{"footnotes":""},"categories":[38],"tags":[],"class_list":["post-1378","post","type-post","status-publish","format-standard","has-post-thumbnail","hentry","category-seremia-medio-ambiente"],"_links":{"self":[{"href":"https:\/\/minutaregional.cl\/index.php?rest_route=\/wp\/v2\/posts\/1378","targetHints":{"allow":["GET"]}}],"collection":[{"href":"https:\/\/minutaregional.cl\/index.php?rest_route=\/wp\/v2\/posts"}],"about":[{"href":"https:\/\/minutaregional.cl\/index.php?rest_route=\/wp\/v2\/types\/post"}],"author":[{"embeddable":true,"href":"https:\/\/minutaregional.cl\/index.php?rest_route=\/wp\/v2\/users\/1"}],"replies":[{"embeddable":true,"href":"https:\/\/minutaregional.cl\/index.php?rest_route=%2Fwp%2Fv2%2Fcomments&post=1378"}],"version-history":[{"count":1,"href":"https:\/\/minutaregional.cl\/index.php?rest_route=\/wp\/v2\/posts\/1378\/revisions"}],"predecessor-version":[{"id":1380,"href":"https:\/\/minutaregional.cl\/index.php?rest_route=\/wp\/v2\/posts\/1378\/revisions\/1380"}],"wp:featuredmedia":[{"embeddable":true,"href":"https:\/\/minutaregional.cl\/index.php?rest_route=\/wp\/v2\/media\/1379"}],"wp:attachment":[{"href":"https:\/\/minutaregional.cl\/index.php?rest_route=%2Fwp%2Fv2%2Fmedia&parent=1378"}],"wp:term":[{"taxonomy":"category","embeddable":true,"href":"https:\/\/minutaregional.cl\/index.php?rest_route=%2Fwp%2Fv2%2Fcategories&post=1378"},{"taxonomy":"post_tag","embeddable":true,"href":"https:\/\/minutaregional.cl\/index.php?rest_route=%2Fwp%2Fv2%2Ftags&post=1378"}],"curies":[{"name":"wp","href":"https:\/\/api.w.org\/{rel}","templated":true}]}}