{"id":1375,"date":"2022-08-21T14:22:07","date_gmt":"2022-08-21T14:22:07","guid":{"rendered":"https:\/\/minutaregional.cl\/?p=1375"},"modified":"2022-08-21T14:22:07","modified_gmt":"2022-08-21T14:22:07","slug":"diputado-manouchehri-los-chilenos-necesitan-que-el-chao-dicom-no-duerma-en-el-senado","status":"publish","type":"post","link":"https:\/\/minutaregional.cl\/?p=1375","title":{"rendered":"Diputado Manouchehri: \u201cLos chilenos necesitan que el \u2018Chao Dicom\u2019 no duerma en el Senado\u201d"},"content":{"rendered":"<p>El autor del proyecto llam\u00f3 al Senado a ponerlo en tabla y al Gobierno a darle urgencia, para ayudar a millones de trabajadores y empresas familiares del pa\u00eds.<\/p>\n<p>El proyecto de ley conocido como \u201cChao Dicom\u201d, que busca establecer que los responsables de los registros de deudas no comuniquen estos datos, fue aprobado por la C\u00e1mara de Diputadas y Diputados hace m\u00e1s de dos semanas. Con ello, queda en manos del Senado votarlo y despacharlo para su promulgaci\u00f3n.<\/p>\n<p>El diputado socialista Daniel Manouchehri, autor del proyecto, inst\u00f3 a iniciar el debate en la C\u00e1mara Alta. \u201cLos chilenos necesitan que el \u2018Chao Dicom\u2019 no duerma en el Senado. Necesitamos que lo pongan en tabla y le den r\u00e1pida discusi\u00f3n. El acuerdo que generamos en la C\u00e1mara de Diputados es suficientemente amplio como para hacer un r\u00e1pido despacho\u201d, indic\u00f3 el legislador.<\/p>\n<p>Los estragos de la econom\u00eda mundial y los efectos de la pandemia por Covid-19 motivaron la tramitaci\u00f3n del \u201cChao Dicom\u201d, buscando ayudar a la econom\u00eda de trabajadores y Pymes del pa\u00eds. La iniciativa establece la prohibici\u00f3n de entregar informaci\u00f3n sobre deudas exigibles desde el 18 de octubre de 2019 al 31 de mayo de 2022, por parte de los responsables de los registros de datos, como las instituciones financieras, bancarias o comerciales. El beneficio es para un total adeudado inferior a los 2,5 millones de pesos, excluyendo intereses o reajustes.<\/p>\n<p>En esa l\u00ednea, el diputado de la Regi\u00f3n de Coquimbo apunt\u00f3 al gobierno para dar prioridad a la discusi\u00f3n del proyecto en el Senado. \u201cLlamamos al Ejecutivo a ponerle urgencia, es un proyecto importante para millones de chilenos. Esperamos que el lobby de los traficantes de datos y del poder financiero no influya en los senadores y el gobierno\u00bb, se\u00f1al\u00f3.<\/p>\n","protected":false},"excerpt":{"rendered":"<p>El autor del proyecto llam\u00f3 al Senado a ponerlo en tabla y al Gobierno a darle urgencia, para ayudar a millones de trabajadores y empresas familiares del pa\u00eds. El proyecto de ley conocido como \u201cChao Dicom\u201d, que busca establecer que los responsables de los registros de deudas no comuniquen estos<\/p>\n","protected":false},"author":1,"featured_media":1376,"comment_status":"closed","ping_status":"open","sticky":false,"template":"","format":"standard","meta":{"footnotes":""},"categories":[26],"tags":[],"class_list":["post-1375","post","type-post","status-publish","format-standard","has-post-thumbnail","hentry","category-camara-de-diputadas-y-diputados"],"_links":{"self":[{"href":"https:\/\/minutaregional.cl\/index.php?rest_route=\/wp\/v2\/posts\/1375","targetHints":{"allow":["GET"]}}],"collection":[{"href":"https:\/\/minutaregional.cl\/index.php?rest_route=\/wp\/v2\/posts"}],"about":[{"href":"https:\/\/minutaregional.cl\/index.php?rest_route=\/wp\/v2\/types\/post"}],"author":[{"embeddable":true,"href":"https:\/\/minutaregional.cl\/index.php?rest_route=\/wp\/v2\/users\/1"}],"replies":[{"embeddable":true,"href":"https:\/\/minutaregional.cl\/index.php?rest_route=%2Fwp%2Fv2%2Fcomments&post=1375"}],"version-history":[{"count":1,"href":"https:\/\/minutaregional.cl\/index.php?rest_route=\/wp\/v2\/posts\/1375\/revisions"}],"predecessor-version":[{"id":1377,"href":"https:\/\/minutaregional.cl\/index.php?rest_route=\/wp\/v2\/posts\/1375\/revisions\/1377"}],"wp:featuredmedia":[{"embeddable":true,"href":"https:\/\/minutaregional.cl\/index.php?rest_route=\/wp\/v2\/media\/1376"}],"wp:attachment":[{"href":"https:\/\/minutaregional.cl\/index.php?rest_route=%2Fwp%2Fv2%2Fmedia&parent=1375"}],"wp:term":[{"taxonomy":"category","embeddable":true,"href":"https:\/\/minutaregional.cl\/index.php?rest_route=%2Fwp%2Fv2%2Fcategories&post=1375"},{"taxonomy":"post_tag","embeddable":true,"href":"https:\/\/minutaregional.cl\/index.php?rest_route=%2Fwp%2Fv2%2Ftags&post=1375"}],"curies":[{"name":"wp","href":"https:\/\/api.w.org\/{rel}","templated":true}]}}