{"id":1372,"date":"2022-08-21T00:12:47","date_gmt":"2022-08-21T00:12:47","guid":{"rendered":"https:\/\/minutaregional.cl\/?p=1372"},"modified":"2022-08-21T00:12:47","modified_gmt":"2022-08-21T00:12:47","slug":"gobierno-destinara-mas-de-2-mil-millones-para-financiar-iniciativas-de-impacto-comunitario-e-hidrico","status":"publish","type":"post","link":"https:\/\/minutaregional.cl\/?p=1372","title":{"rendered":"Gobierno destinar\u00e1 m\u00e1s de $2 mil millones para financiar iniciativas de impacto comunitario e h\u00eddrico"},"content":{"rendered":"<ul>\n<li style=\"text-align: justify;\"><strong><em>Se trata de recursos que vienen de la mano con el programa Chile Apoya a tu Comuna de SUBDERE y que llegar\u00e1n a los municipios de Andacollo, Coquimbo, Illapel, La Serena, Los Vilos, Ovalle, Paihuano, R\u00edo Hurtado, Salamanca y Vicu\u00f1a en las l\u00edneas de Mejoramiento de Barrios, Mejoramiento Urbano y Revitalizaci\u00f3n de Barrios e Infraestructura Patrimonial Emblem\u00e1tica.<\/em><\/strong><\/li>\n<\/ul>\n<p style=\"text-align: justify;\"><strong>\u00a0<\/strong>Uno de los compromisos del Presidente Gabriel Boric al asumir el Gobierno, fue la generaci\u00f3n de diversas l\u00edneas de apoyo en diferentes \u00e1mbitos, como el econ\u00f3mico, agr\u00edcola y el art\u00edstico, por mencionar algunos, dando paso al Plan ChileApoya.<\/p>\n<p style=\"text-align: justify;\">Iniciativa que ahora entregar\u00e1 recursos para distintas comunas del pa\u00eds, a trav\u00e9s de la Subsecretar\u00eda de Desarrollo Regional SUBDERE, y que para la Regi\u00f3n de Coquimbo dispondr\u00e1 de 2.060 millones de pesos, destinados a proyectos de beneficio comunitario.<\/p>\n<p style=\"text-align: justify;\"><strong>\u201cEsto es muestra del compromiso y el esfuerzo del Gobierno para llegar a todos los sectores del pa\u00eds con financiamiento directo para los municipios y as\u00ed concretar obras muy sentidas por los vecinos y vecinas para que puedan generar seguridad, recuperaci\u00f3n espacios y una serie de mejorar que le mejorar\u00e1n la calidad de vida de las personas\u201d<\/strong>, indic\u00f3 el Delegado Presidencial, Rub\u00e9n Quezada.<\/p>\n<p style=\"text-align: justify;\"><strong>\u00a0<\/strong>ChileApoya tu Comuna financiar\u00e1 23 proyectos en total, de los municipios de Andacollo, Coquimbo, Illapel, La Serena, Los Vilos, Ovalle, Paihuano, R\u00edo Hurtado, Salamanca y Vicu\u00f1a en las l\u00edneas de Mejoramiento de Barrios, Mejoramiento Urbano y Revitalizaci\u00f3n de Barrios e Infraestructura Patrimonial Emblem\u00e1tica.<\/p>\n<p style=\"text-align: justify;\">Al respecto, el Jefe de la Unidad Regional de SUBDERE, Bernardo Salinas, explic\u00f3 que <strong>\u201cesto significa infraestructura asociada el tema social, porque hab\u00edan personas esperando muchos a\u00f1os, como sedes sociales o \u00e1reas deportivas. Y considerando que estamos atravesando una sequ\u00eda estructural, varios de los proyectos fueron destinados a APR y cargu\u00edo en algunas zonas de la regi\u00f3n, para poder subsanar el acceso al agua\u201d.<\/strong><\/p>\n<p style=\"text-align: justify;\"><strong>\u00a0<\/strong>Entre los proyectos que se ejecutar\u00e1n est\u00e1n los camarines del Parque Espejo del Sol. Un anhelo de los vecinos de Las Compa\u00f1\u00edas, en La Serena, por casi 10 a\u00f1os, especialmente por las mujeres deportistas.<\/p>\n<p style=\"text-align: justify;\">En esta l\u00ednea, Paola Barrera, de la rama Femenina de Serena Mar, sostuvo que <strong>\u201ces inc\u00f3modo que todas se vistan en las galer\u00edas. Est\u00e1 mal que se vistan ah\u00ed, tampoco tenemos ba\u00f1os, por lo que esto es un proyecto esperado\u201d<\/strong>.<\/p>\n<p style=\"text-align: justify;\">Por su parte, el Alcalde de La Serena, Roberto Jacob, destac\u00f3 que <strong>\u201cten\u00edamos muchos proyectos que estaban ok, pero faltaba financiamiento y cuando nos dicen que nos financiar\u00e1n casi 10 de ellos, nos deja muy contentos. Y estos camarines van a mejorar las condiciones de la liga femenina y que luego lo vamos a licitar para que sea una realidad\u201d<\/strong>.<\/p>\n<p style=\"text-align: justify;\"><strong>\u00a0<\/strong>La obra consta de 103 mts2 y tiene un costo de 74 millones de pesos y una vez materializado, beneficiar\u00e1 a unas 1500 personas.<\/p>\n","protected":false},"excerpt":{"rendered":"<p>Se trata de recursos que vienen de la mano con el programa Chile Apoya a tu Comuna de SUBDERE y que llegar\u00e1n a los municipios de Andacollo, Coquimbo, Illapel, La Serena, Los Vilos, Ovalle, Paihuano, R\u00edo Hurtado, Salamanca y Vicu\u00f1a en las l\u00edneas de Mejoramiento de Barrios, Mejoramiento Urbano y<\/p>\n","protected":false},"author":1,"featured_media":1373,"comment_status":"closed","ping_status":"open","sticky":false,"template":"","format":"standard","meta":{"footnotes":""},"categories":[9],"tags":[],"class_list":["post-1372","post","type-post","status-publish","format-standard","has-post-thumbnail","hentry","category-subderecoquimbo"],"_links":{"self":[{"href":"https:\/\/minutaregional.cl\/index.php?rest_route=\/wp\/v2\/posts\/1372","targetHints":{"allow":["GET"]}}],"collection":[{"href":"https:\/\/minutaregional.cl\/index.php?rest_route=\/wp\/v2\/posts"}],"about":[{"href":"https:\/\/minutaregional.cl\/index.php?rest_route=\/wp\/v2\/types\/post"}],"author":[{"embeddable":true,"href":"https:\/\/minutaregional.cl\/index.php?rest_route=\/wp\/v2\/users\/1"}],"replies":[{"embeddable":true,"href":"https:\/\/minutaregional.cl\/index.php?rest_route=%2Fwp%2Fv2%2Fcomments&post=1372"}],"version-history":[{"count":1,"href":"https:\/\/minutaregional.cl\/index.php?rest_route=\/wp\/v2\/posts\/1372\/revisions"}],"predecessor-version":[{"id":1374,"href":"https:\/\/minutaregional.cl\/index.php?rest_route=\/wp\/v2\/posts\/1372\/revisions\/1374"}],"wp:featuredmedia":[{"embeddable":true,"href":"https:\/\/minutaregional.cl\/index.php?rest_route=\/wp\/v2\/media\/1373"}],"wp:attachment":[{"href":"https:\/\/minutaregional.cl\/index.php?rest_route=%2Fwp%2Fv2%2Fmedia&parent=1372"}],"wp:term":[{"taxonomy":"category","embeddable":true,"href":"https:\/\/minutaregional.cl\/index.php?rest_route=%2Fwp%2Fv2%2Fcategories&post=1372"},{"taxonomy":"post_tag","embeddable":true,"href":"https:\/\/minutaregional.cl\/index.php?rest_route=%2Fwp%2Fv2%2Ftags&post=1372"}],"curies":[{"name":"wp","href":"https:\/\/api.w.org\/{rel}","templated":true}]}}