{"id":1369,"date":"2022-08-20T23:41:42","date_gmt":"2022-08-20T23:41:42","guid":{"rendered":"https:\/\/minutaregional.cl\/?p=1369"},"modified":"2022-08-20T23:42:51","modified_gmt":"2022-08-20T23:42:51","slug":"chingana-cultural-celebrara-mes-de-las-infancias-con-artesania-fotografia-y-teatro","status":"publish","type":"post","link":"https:\/\/minutaregional.cl\/?p=1369","title":{"rendered":"\u201cChingana Cultural\u201d celebrar\u00e1 mes de las infancias con artesan\u00eda, fotograf\u00eda y teatro"},"content":{"rendered":"<p><strong>Casa Taller Arte y Vida de Coquimbo ofrece una variada cartelera para grandes y chicos, este s\u00e1bado 20 de agosto desde el mediod\u00eda. La entrada es gratuita con aporte voluntario.<\/strong><\/p>\n<p>Con el prop\u00f3sito de cubrir la necesidad de espacios abiertos para el desarrollo de la actividad cultural en la regi\u00f3n, la Casa Taller Arte y Vida ha realizado desde 2014 un importante trabajo con la comunidad, que combina programaci\u00f3n art\u00edstica, instancias formativas y sustentabilidad. Adem\u00e1s de ser una atractiva vitrina para creadores y creadoras regionales, este recinto se ha propuesto tambi\u00e9n educar a trav\u00e9s del rescate y el buen manejo de los residuos org\u00e1nicos y no org\u00e1nicos, reutilizando desechos de domicilios y locales comerciales.<\/p>\n<p>En el marco del Mes de las Infancias y el Mes de la Fotograf\u00eda, el espacio cultural ha organizado una especial celebraci\u00f3n para ni\u00f1as, ni\u00f1os y j\u00f3venes. Este s\u00e1bado 20, a partir del mediod\u00eda, se llevar\u00e1 a cabo en An\u00edbal Pinto #930 (Coquimbo) la cuarta versi\u00f3n de la \u201cChingana Cultural\u201d, iniciativa que ofrecer\u00e1 una variada cartelera de actividades para toda la familia.<\/p>\n<p>Adem\u00e1s de la exhibici\u00f3n y comercializaci\u00f3n de obras de artesanos y artesanas locales, se realizar\u00e1 la charla educativa \u201cLa Ruta del hilado a mano\u201d, a cargo de la experimentada artesana textil Elizabeth Parr. Tambi\u00e9n se llevar\u00e1 a cabo un taller de dibujo anim\u00e9 y una clase magistral sobre retrato fotogr\u00e1fico, que encabezar\u00e1 el artista Cristian Toro.<\/p>\n<p>Cristian Olivares, director del espacio, agreg\u00f3 que \u201cadem\u00e1s, en el cierre contaremos la presencia de la compa\u00f1\u00eda de marionetas Taquilka con su obra \u201cUna Leyenda Diaguita\u201d, y los estaremos esperando este s\u00e1bado hasta las 19:00 horas, en An\u00edbal Pinto #930, en pleno centro de Coquimbo\u201d.<\/p>\n<p>El seremi de las Culturas Cedric Steinlen destac\u00f3 la trayectoria y el quehacer de la Casa Taller Arte y Vida, al se\u00f1alar que \u201ceste espacio cultural ha sabido generar programaci\u00f3n permanente y ofrecer diversas alternativas art\u00edstico-culturales a la comunidad regional, poniendo en valor el trabajo de creadores y creadoras locales y tambi\u00e9n de otras regiones\u201d.<\/p>\n<p>La entrada a este evento es gratuita y se solicitar\u00e1 aporte voluntario para charlas y talleres. M\u00e1s informaci\u00f3n de esta y otras actividades, disponibles en las redes sociales del espacio cultural: Facebook: Casa Taller Arte y Vida e Instagram: @casatallerarteyvida.<\/p>\n","protected":false},"excerpt":{"rendered":"<p>Casa Taller Arte y Vida de Coquimbo ofrece una variada cartelera para grandes y chicos, este s\u00e1bado 20 de agosto desde el mediod\u00eda. La entrada es gratuita con aporte voluntario. Con el prop\u00f3sito de cubrir la necesidad de espacios abiertos para el desarrollo de la actividad cultural en la regi\u00f3n,<\/p>\n","protected":false},"author":1,"featured_media":1370,"comment_status":"closed","ping_status":"open","sticky":false,"template":"","format":"standard","meta":{"footnotes":""},"categories":[16],"tags":[],"class_list":["post-1369","post","type-post","status-publish","format-standard","has-post-thumbnail","hentry","category-seremi-de-cultura"],"_links":{"self":[{"href":"https:\/\/minutaregional.cl\/index.php?rest_route=\/wp\/v2\/posts\/1369","targetHints":{"allow":["GET"]}}],"collection":[{"href":"https:\/\/minutaregional.cl\/index.php?rest_route=\/wp\/v2\/posts"}],"about":[{"href":"https:\/\/minutaregional.cl\/index.php?rest_route=\/wp\/v2\/types\/post"}],"author":[{"embeddable":true,"href":"https:\/\/minutaregional.cl\/index.php?rest_route=\/wp\/v2\/users\/1"}],"replies":[{"embeddable":true,"href":"https:\/\/minutaregional.cl\/index.php?rest_route=%2Fwp%2Fv2%2Fcomments&post=1369"}],"version-history":[{"count":1,"href":"https:\/\/minutaregional.cl\/index.php?rest_route=\/wp\/v2\/posts\/1369\/revisions"}],"predecessor-version":[{"id":1371,"href":"https:\/\/minutaregional.cl\/index.php?rest_route=\/wp\/v2\/posts\/1369\/revisions\/1371"}],"wp:featuredmedia":[{"embeddable":true,"href":"https:\/\/minutaregional.cl\/index.php?rest_route=\/wp\/v2\/media\/1370"}],"wp:attachment":[{"href":"https:\/\/minutaregional.cl\/index.php?rest_route=%2Fwp%2Fv2%2Fmedia&parent=1369"}],"wp:term":[{"taxonomy":"category","embeddable":true,"href":"https:\/\/minutaregional.cl\/index.php?rest_route=%2Fwp%2Fv2%2Fcategories&post=1369"},{"taxonomy":"post_tag","embeddable":true,"href":"https:\/\/minutaregional.cl\/index.php?rest_route=%2Fwp%2Fv2%2Ftags&post=1369"}],"curies":[{"name":"wp","href":"https:\/\/api.w.org\/{rel}","templated":true}]}}