{"id":1361,"date":"2022-08-20T22:42:43","date_gmt":"2022-08-20T22:42:43","guid":{"rendered":"https:\/\/minutaregional.cl\/?p=1361"},"modified":"2022-08-20T22:42:43","modified_gmt":"2022-08-20T22:42:43","slug":"charla-magistral-de-convivencia-escolar-en-la-comuna-de-illapel-ante-sucesos-de-violencia-y-acoso-entre-estudiantes","status":"publish","type":"post","link":"https:\/\/minutaregional.cl\/?p=1361","title":{"rendered":"CHARLA MAGISTRAL DE CONVIVENCIA ESCOLAR EN LA COMUNA DE ILLAPEL ANTE SUCESOS DE VIOLENCIA Y ACOSO ENTRE ESTUDIANTES"},"content":{"rendered":"<audio class=\"wp-audio-shortcode\" id=\"audio-1361-1\" preload=\"none\" style=\"width: 100%;\" controls=\"controls\"><source type=\"audio\/mpeg\" src=\"https:\/\/minutaregional.cl\/wp-content\/uploads\/2022\/08\/Alcalde-Denis-Cortes-Aguilera.m4a?_=1\" \/><a href=\"https:\/\/minutaregional.cl\/wp-content\/uploads\/2022\/08\/Alcalde-Denis-Cortes-Aguilera.m4a\">https:\/\/minutaregional.cl\/wp-content\/uploads\/2022\/08\/Alcalde-Denis-Cortes-Aguilera.m4a<\/a><\/audio>\n<p>AUDIO : Alcalde <em>Denis<\/em>\u00a0Cort\u00e9s Aguilera<\/p>\n<p style=\"text-align: justify;\">La Municipalidad de Illapel realiz\u00f3 un seminario denominado \u201cEncuentro por la Convivencia Escolar en Illapel\u201d, debido al contexto que se vive en los<br \/>\nestablecimientos educacionales a nivel nacional y local, como los casos de violencia f\u00edsica entre esudiantes, el aumento de denuncias por maltrato y violencia sexual,consumo de drogas, amenzasas, buylling y acoso por redes sociales, lo que hallevado a desarrollar en los ni\u00f1os y j\u00f3venes situaciones de crisis y actos autolesivos.<br \/>\nEl encuentro cont\u00f3 con la charla magistral de la Dra. Neva Milicic M\u00fcller, Psic\u00f3logaInfantil, M\u00e1ster en Educaci\u00f3n y Doctora en Filosof\u00eda, con el objetivo de ampliar la gesti\u00f3n municipal hacia soluciones concretas en esta materia, invitando adem\u00e1s, alos equipos psicosociales de los establecimientos educativos, profesionales de saludprimaria y de los programas de la Red de Infancia Local, quienes son los principalesresponsables de llevar los conocimientos adquiridos hasta sus lugares de trabajo y aplicarlos con las nuevas generaciones que atraviesan contextos de vida complejos.<br \/>\nEsta es una de las gestiones m\u00e1s relevantes para la comuna, adem\u00e1s de otras<br \/>\ncomo la reuni\u00f3n con los directores de establecimientos educacionales para dar a conocer la Ley 20.084 que trata de los procesos, sanciones y el correcto<br \/>\ncumplimiento en los procedimientos ante una infracci\u00f3n penal de un adolescente,reuniones con Centros de Alumnos en Escuelas y Liceos, Consejo Escolar, jornadas con directivos y duplas psicosociales, instancias y actividades de car\u00e1cter comunitario, cultural y deportivo, y finalmente, la Estrategia Comunal de ConvivenciaEscolar, en la que se destaca la relevancia de contar con una adecuada vida encomunidad y una salud mental. En este contexto, el alcalde de la comuna, DenisCort\u00e9s Aguilera destac\u00f3 que \u201ccreo que con estas actividades estamos dando se\u00f1ales de que estamos preocupados por nuestros ni\u00f1os y ni\u00f1as de los establecimientos educacionales, que queremos entregar herramientas y competencias a nuestros equipos profesionales, pero por sobre todo queremos una convivencia escolar arm\u00f3nica e cada uno de nuestras escuelas y liceos\u201d.<br \/>\nNeva Milicic, la exponente del seminario entreg\u00f3 sus apreciaciones al finalizar la actividad, mencionando que \u201cprimero yo creo que construir comunidad educativa, como dec\u00eda el alcalde, es fundamental, creo que todas las personas tienen algo que aportar, que el trato y el buen trato respetuoso, la b\u00fasqueda y el bienestar de los ni\u00f1os nos corresponde a todos estar alerta a las se\u00f1ales para poder apoyar y acompa\u00f1ar\u201d.<\/p>\n","protected":false},"excerpt":{"rendered":"<p>AUDIO : Alcalde Denis\u00a0Cort\u00e9s Aguilera La Municipalidad de Illapel realiz\u00f3 un seminario denominado \u201cEncuentro por la Convivencia Escolar en Illapel\u201d, debido al contexto que se vive en los establecimientos educacionales a nivel nacional y local, como los casos de violencia f\u00edsica entre esudiantes, el aumento de denuncias por maltrato y<\/p>\n","protected":false},"author":1,"featured_media":1363,"comment_status":"closed","ping_status":"open","sticky":false,"template":"","format":"standard","meta":{"footnotes":""},"categories":[22],"tags":[],"class_list":["post-1361","post","type-post","status-publish","format-standard","has-post-thumbnail","hentry","category-muni-illapel"],"_links":{"self":[{"href":"https:\/\/minutaregional.cl\/index.php?rest_route=\/wp\/v2\/posts\/1361","targetHints":{"allow":["GET"]}}],"collection":[{"href":"https:\/\/minutaregional.cl\/index.php?rest_route=\/wp\/v2\/posts"}],"about":[{"href":"https:\/\/minutaregional.cl\/index.php?rest_route=\/wp\/v2\/types\/post"}],"author":[{"embeddable":true,"href":"https:\/\/minutaregional.cl\/index.php?rest_route=\/wp\/v2\/users\/1"}],"replies":[{"embeddable":true,"href":"https:\/\/minutaregional.cl\/index.php?rest_route=%2Fwp%2Fv2%2Fcomments&post=1361"}],"version-history":[{"count":1,"href":"https:\/\/minutaregional.cl\/index.php?rest_route=\/wp\/v2\/posts\/1361\/revisions"}],"predecessor-version":[{"id":1364,"href":"https:\/\/minutaregional.cl\/index.php?rest_route=\/wp\/v2\/posts\/1361\/revisions\/1364"}],"wp:featuredmedia":[{"embeddable":true,"href":"https:\/\/minutaregional.cl\/index.php?rest_route=\/wp\/v2\/media\/1363"}],"wp:attachment":[{"href":"https:\/\/minutaregional.cl\/index.php?rest_route=%2Fwp%2Fv2%2Fmedia&parent=1361"}],"wp:term":[{"taxonomy":"category","embeddable":true,"href":"https:\/\/minutaregional.cl\/index.php?rest_route=%2Fwp%2Fv2%2Fcategories&post=1361"},{"taxonomy":"post_tag","embeddable":true,"href":"https:\/\/minutaregional.cl\/index.php?rest_route=%2Fwp%2Fv2%2Ftags&post=1361"}],"curies":[{"name":"wp","href":"https:\/\/api.w.org\/{rel}","templated":true}]}}