{"id":1352,"date":"2022-08-10T21:24:09","date_gmt":"2022-08-10T21:24:09","guid":{"rendered":"https:\/\/minutaregional.cl\/?p=1352"},"modified":"2022-08-10T21:24:09","modified_gmt":"2022-08-10T21:24:09","slug":"diputado-manouchehri-valora-aprobacion-de-feriado-el-16-de-septiembre","status":"publish","type":"post","link":"https:\/\/minutaregional.cl\/?p=1352","title":{"rendered":"Diputado Manouchehri valora aprobaci\u00f3n de feriado el 16 de septiembre"},"content":{"rendered":"<p dir=\"ltr\">\u201cCreemos que tener un d\u00eda m\u00e1s de feriado, el 16 de septiembre, es una buena cosa para Chile. Es bueno para nuestra econom\u00eda, para las regiones que viven del turismo y por sobre todo es bueno para los chilenos tener un d\u00eda m\u00e1s para poder compartir en familia y celebrar.<\/p>\n<p dir=\"ltr\">Es por eso que esperamos que, adem\u00e1s de ser ya aprobado por la C\u00e1mara, prontamente sea aprobado por el Senado y podamos tener este d\u00eda para que celebremos las fiestas patrias como corresponde y\u00a0 ayudemos a reactivar nuestra alica\u00edda econom\u00eda.\u201d<\/p>\n<div>El proyecto fue aprobado y despachado al Senado por 128 votos a favor, 9 en contra y 8 abstenciones.<\/div>\n","protected":false},"excerpt":{"rendered":"<p>\u201cCreemos que tener un d\u00eda m\u00e1s de feriado, el 16 de septiembre, es una buena cosa para Chile. Es bueno para nuestra econom\u00eda, para las regiones que viven del turismo y por sobre todo es bueno para los chilenos tener un d\u00eda m\u00e1s para poder compartir en familia y celebrar.<\/p>\n","protected":false},"author":1,"featured_media":1353,"comment_status":"closed","ping_status":"open","sticky":false,"template":"","format":"standard","meta":{"footnotes":""},"categories":[26],"tags":[],"class_list":["post-1352","post","type-post","status-publish","format-standard","has-post-thumbnail","hentry","category-camara-de-diputadas-y-diputados"],"_links":{"self":[{"href":"https:\/\/minutaregional.cl\/index.php?rest_route=\/wp\/v2\/posts\/1352","targetHints":{"allow":["GET"]}}],"collection":[{"href":"https:\/\/minutaregional.cl\/index.php?rest_route=\/wp\/v2\/posts"}],"about":[{"href":"https:\/\/minutaregional.cl\/index.php?rest_route=\/wp\/v2\/types\/post"}],"author":[{"embeddable":true,"href":"https:\/\/minutaregional.cl\/index.php?rest_route=\/wp\/v2\/users\/1"}],"replies":[{"embeddable":true,"href":"https:\/\/minutaregional.cl\/index.php?rest_route=%2Fwp%2Fv2%2Fcomments&post=1352"}],"version-history":[{"count":1,"href":"https:\/\/minutaregional.cl\/index.php?rest_route=\/wp\/v2\/posts\/1352\/revisions"}],"predecessor-version":[{"id":1354,"href":"https:\/\/minutaregional.cl\/index.php?rest_route=\/wp\/v2\/posts\/1352\/revisions\/1354"}],"wp:featuredmedia":[{"embeddable":true,"href":"https:\/\/minutaregional.cl\/index.php?rest_route=\/wp\/v2\/media\/1353"}],"wp:attachment":[{"href":"https:\/\/minutaregional.cl\/index.php?rest_route=%2Fwp%2Fv2%2Fmedia&parent=1352"}],"wp:term":[{"taxonomy":"category","embeddable":true,"href":"https:\/\/minutaregional.cl\/index.php?rest_route=%2Fwp%2Fv2%2Fcategories&post=1352"},{"taxonomy":"post_tag","embeddable":true,"href":"https:\/\/minutaregional.cl\/index.php?rest_route=%2Fwp%2Fv2%2Ftags&post=1352"}],"curies":[{"name":"wp","href":"https:\/\/api.w.org\/{rel}","templated":true}]}}