{"id":1345,"date":"2022-08-09T23:04:43","date_gmt":"2022-08-09T23:04:43","guid":{"rendered":"https:\/\/minutaregional.cl\/?p=1345"},"modified":"2022-08-09T23:04:43","modified_gmt":"2022-08-09T23:04:43","slug":"declaracion-publica-diputada-nathalie-castillo-y-senador-daniel-nunez","status":"publish","type":"post","link":"https:\/\/minutaregional.cl\/?p=1345","title":{"rendered":"DECLARACI\u00d3N P\u00daBLICA : Diputada Nathalie Castillo y Senador Daniel N\u00fa\u00f1ez"},"content":{"rendered":"<p>Frente a la divulgaci\u00f3n de material propagand\u00edstico del Rechazo con contenido sexistas e im\u00e1genes sensibles en las cercan\u00edas de colegios de ense\u00f1anza b\u00e1sica en la ciudad de La Serena, se\u00f1alamos lo siguiente:<\/p>\n<p>El afiche en cuesti\u00f3n vulnera y atenta gravemente los derechos de ni\u00f1os, ni\u00f1as y adolescentes al exponer una situaci\u00f3n de \u00edndole sexual que involucra a menores de edad.<\/p>\n<p>En \u00e9l, a trav\u00e9s de la mentira y el discurso sexista y estereotipado, instalan ideas distorsionadas acerca de la Educaci\u00f3n Sexual Integral (ESI) reconocida en el art\u00edculo 40 de la propuesta de Nueva Constituci\u00f3n.<\/p>\n<p>El panfleto, suscrito por partidarios del Rechazo, califica de \u201cpervertido\u201d un avance en materia educacional respecto a la necesidad de que las y los escolares reciban una formaci\u00f3n donde se ense\u00f1e la responsabilidad sexoafectiva, la autonom\u00eda, el autocuidado y el consentimiento; el reconocimiento de las diversas identidades y expresiones del g\u00e9nero y la sexualidad.<\/p>\n<p>En vista de estos antecedentes, oficiaremos al Servicio Electoral (Servel) para que investigue y sancione a quienes propaguen este tipo de mensajes. Asimismo, ingresaremos una denuncia ante el Ministerio P\u00fablico para que indague y recabe m\u00e1s antecedentes.<\/p>\n<p>Consideramos que estos hechos no son aislados, sino por el contrario son parte de una estrategia para deslegitimar la campa\u00f1a del Apruebo, a trav\u00e9s de la difusi\u00f3n de ideas cargadas de discursos de odio y violencia simb\u00f3lica.<\/p>\n<p>Finalmente, queremos destacar los avances que incorpora la propuesta constitucional respecto al derecho a la educaci\u00f3n: la prevenci\u00f3n de la violencia y discriminaci\u00f3n (art\u00edculo 35, inciso 3); que los principios regentes considere la inclusi\u00f3n, la solidaridad y enfoque de g\u00e9nero (inciso 4); la gratuidad en la educaci\u00f3n p\u00fablica (art\u00edculo 36, inciso 7); la libertad de ense\u00f1anza (art\u00edculo 41) y la participaci\u00f3n vinculante de las comunidades educativas en la definici\u00f3n del proyecto escolar (art\u00edculo 43).<\/p>\n","protected":false},"excerpt":{"rendered":"<p>Frente a la divulgaci\u00f3n de material propagand\u00edstico del Rechazo con contenido sexistas e im\u00e1genes sensibles en las cercan\u00edas de colegios de ense\u00f1anza b\u00e1sica en la ciudad de La Serena, se\u00f1alamos lo siguiente: El afiche en cuesti\u00f3n vulnera y atenta gravemente los derechos de ni\u00f1os, ni\u00f1as y adolescentes al exponer una<\/p>\n","protected":false},"author":1,"featured_media":1346,"comment_status":"closed","ping_status":"open","sticky":false,"template":"","format":"standard","meta":{"footnotes":""},"categories":[1],"tags":[],"class_list":["post-1345","post","type-post","status-publish","format-standard","has-post-thumbnail","hentry","category-noticias-regionales"],"_links":{"self":[{"href":"https:\/\/minutaregional.cl\/index.php?rest_route=\/wp\/v2\/posts\/1345","targetHints":{"allow":["GET"]}}],"collection":[{"href":"https:\/\/minutaregional.cl\/index.php?rest_route=\/wp\/v2\/posts"}],"about":[{"href":"https:\/\/minutaregional.cl\/index.php?rest_route=\/wp\/v2\/types\/post"}],"author":[{"embeddable":true,"href":"https:\/\/minutaregional.cl\/index.php?rest_route=\/wp\/v2\/users\/1"}],"replies":[{"embeddable":true,"href":"https:\/\/minutaregional.cl\/index.php?rest_route=%2Fwp%2Fv2%2Fcomments&post=1345"}],"version-history":[{"count":1,"href":"https:\/\/minutaregional.cl\/index.php?rest_route=\/wp\/v2\/posts\/1345\/revisions"}],"predecessor-version":[{"id":1347,"href":"https:\/\/minutaregional.cl\/index.php?rest_route=\/wp\/v2\/posts\/1345\/revisions\/1347"}],"wp:featuredmedia":[{"embeddable":true,"href":"https:\/\/minutaregional.cl\/index.php?rest_route=\/wp\/v2\/media\/1346"}],"wp:attachment":[{"href":"https:\/\/minutaregional.cl\/index.php?rest_route=%2Fwp%2Fv2%2Fmedia&parent=1345"}],"wp:term":[{"taxonomy":"category","embeddable":true,"href":"https:\/\/minutaregional.cl\/index.php?rest_route=%2Fwp%2Fv2%2Fcategories&post=1345"},{"taxonomy":"post_tag","embeddable":true,"href":"https:\/\/minutaregional.cl\/index.php?rest_route=%2Fwp%2Fv2%2Ftags&post=1345"}],"curies":[{"name":"wp","href":"https:\/\/api.w.org\/{rel}","templated":true}]}}