{"id":1342,"date":"2022-08-09T18:23:33","date_gmt":"2022-08-09T18:23:33","guid":{"rendered":"https:\/\/minutaregional.cl\/?p=1342"},"modified":"2022-08-09T18:23:33","modified_gmt":"2022-08-09T18:23:33","slug":"diputada-castillo-solicita-trabajo-intersectorial-entre-ministerio-de-educacion-y-cultura-para-prevenir-actos-violentos-en-colegios","status":"publish","type":"post","link":"https:\/\/minutaregional.cl\/?p=1342","title":{"rendered":"Diputada Castillo solicita trabajo intersectorial entre ministerio de Educaci\u00f3n y Cultura para prevenir actos violentos en colegios"},"content":{"rendered":"<p>Proponen estrategias para abordar temas de violencia escolar:<\/p>\n<p>El Proyecto de Resoluci\u00f3n llama a considerar en la discusi\u00f3n de la Ley de Presupuestos del pr\u00f3ximo a\u00f1o la entrega de recursos para potenciales programas de cultura y arte en las escuelas<\/p>\n<p>Un nuevo Proyecto de Resoluci\u00f3n (PR) promovido por la diputada Nathalie Castillo (PC) fue declarado admisible por la C\u00e1mara de Diputadas y Diputados. La iniciativa solicita al Presidente Gabriel Boric que instruya a los Ministerios de Educaci\u00f3n y de las Culturas, Artes y el Patrimonio a realizar un trabajo intersectorial con el fin de prevenir la violencia al interior de los establecimientos educacionales.<\/p>\n<p>El proyecto -suscrito por las diputadas Serrano, Placencia, Mix, Acevedo, Delgado, Nanco, Musante y el diputado Bernales- instruyen a ambas carteras a generar programas culturales para prevenir el desarrollo de problemas de convivencia al interior de las comunidades educativas como efecto directo del retorno a la presencialidad post pandemia de Covid-19.<\/p>\n<p>Asimismo, el documento considera urgente fortalecer la \u201cPol\u00edtica Nacional de Convivencia\u201d para capacitar a \u201ceducadores, docentes y miembros de la comunidad educativa en general sobre el rol del apoyo socioemocional y el fortalecimiento de una convivencia respetuosa y democr\u00e1tica\u201d. En esa l\u00ednea apuntan a acompa\u00f1ar en materia de salud mental a docentes por agobio laboral y estudiantes que requieran asistencia social mediante un equipo profesional conformado por una dupla psicosocial.<\/p>\n<p>El documento, en concreto, pide al Jefe de Estado que considere los problemas de salud mental derivado de la pandemia del Covid-19, que ha impactado en mayor medida a personas de pueblos originarios y a los ni\u00f1os entre 4 y 11 a\u00f1os. Seg\u00fan datos de UNICEF ni\u00f1os, ni\u00f1as y adolescentes entre 10 a 19 viven con un trastorno mental diagnosticado.<\/p>\n<p>Asimismo, el PR establece la necesidad de una intervenci\u00f3n multisectorial entre ambos ministerios para que las y los NNA encuentren en los recintos escolares distintas disciplinas del arte y la cultura que les permita \u201cexpresar su identidad, as\u00ed como sus emociones y sentimientos, demostrando sus capacidades y habilidades, sinti\u00e9ndose valorados, y por sobre todo importantes miembros de la comunidad educativa a las que pertenecen\u201d.<\/p>\n<p>Finalmente, el PR llama a considerar la discusi\u00f3n de la Ley de Presupuesto del pr\u00f3ximo a\u00f1o para que incorpore en el Plan de Fortalecimiento de la Educaci\u00f3n Integral programas de cultura y arte en la educaci\u00f3n, tales como teatro, literatura, muralismo, cine, m\u00fasica, canto, danza, entre otros, como parte de la estrategia de prevenci\u00f3n de la violencia escolar.<\/p>\n","protected":false},"excerpt":{"rendered":"<p>Proponen estrategias para abordar temas de violencia escolar: El Proyecto de Resoluci\u00f3n llama a considerar en la discusi\u00f3n de la Ley de Presupuestos del pr\u00f3ximo a\u00f1o la entrega de recursos para potenciales programas de cultura y arte en las escuelas Un nuevo Proyecto de Resoluci\u00f3n (PR) promovido por la diputada<\/p>\n","protected":false},"author":1,"featured_media":1343,"comment_status":"closed","ping_status":"open","sticky":false,"template":"","format":"standard","meta":{"footnotes":""},"categories":[26],"tags":[],"class_list":["post-1342","post","type-post","status-publish","format-standard","has-post-thumbnail","hentry","category-camara-de-diputadas-y-diputados"],"_links":{"self":[{"href":"https:\/\/minutaregional.cl\/index.php?rest_route=\/wp\/v2\/posts\/1342","targetHints":{"allow":["GET"]}}],"collection":[{"href":"https:\/\/minutaregional.cl\/index.php?rest_route=\/wp\/v2\/posts"}],"about":[{"href":"https:\/\/minutaregional.cl\/index.php?rest_route=\/wp\/v2\/types\/post"}],"author":[{"embeddable":true,"href":"https:\/\/minutaregional.cl\/index.php?rest_route=\/wp\/v2\/users\/1"}],"replies":[{"embeddable":true,"href":"https:\/\/minutaregional.cl\/index.php?rest_route=%2Fwp%2Fv2%2Fcomments&post=1342"}],"version-history":[{"count":1,"href":"https:\/\/minutaregional.cl\/index.php?rest_route=\/wp\/v2\/posts\/1342\/revisions"}],"predecessor-version":[{"id":1344,"href":"https:\/\/minutaregional.cl\/index.php?rest_route=\/wp\/v2\/posts\/1342\/revisions\/1344"}],"wp:featuredmedia":[{"embeddable":true,"href":"https:\/\/minutaregional.cl\/index.php?rest_route=\/wp\/v2\/media\/1343"}],"wp:attachment":[{"href":"https:\/\/minutaregional.cl\/index.php?rest_route=%2Fwp%2Fv2%2Fmedia&parent=1342"}],"wp:term":[{"taxonomy":"category","embeddable":true,"href":"https:\/\/minutaregional.cl\/index.php?rest_route=%2Fwp%2Fv2%2Fcategories&post=1342"},{"taxonomy":"post_tag","embeddable":true,"href":"https:\/\/minutaregional.cl\/index.php?rest_route=%2Fwp%2Fv2%2Ftags&post=1342"}],"curies":[{"name":"wp","href":"https:\/\/api.w.org\/{rel}","templated":true}]}}