{"id":1339,"date":"2022-08-09T04:43:29","date_gmt":"2022-08-09T04:43:29","guid":{"rendered":"https:\/\/minutaregional.cl\/?p=1339"},"modified":"2022-08-09T04:43:29","modified_gmt":"2022-08-09T04:43:29","slug":"dia-nacional-de-la-miel-en-plaza-de-armas-de-illapel","status":"publish","type":"post","link":"https:\/\/minutaregional.cl\/?p=1339","title":{"rendered":"D\u00cdA NACIONAL DE LA MIEL EN PLAZA DE ARMAS DE ILLAPEL"},"content":{"rendered":"<p>El D\u00eda Nacional de la Miel se conmemor\u00f3 este lunes 08 de agosto con los diversos productores y emprendedores en la plaza de armas de nuestra comuna.<\/p>\n<p>La actividad cont\u00f3 con la presencia de los estudiantes de la Escuela Juan Carrasco Risco que disfrutaron y apreciaron los diferentes beneficios y encantos de este producto m\u00e1gico que nos brinda la naturaleza.<\/p>\n<p>El Grupo de Apicultores de Illapel se constituy\u00f3 el a\u00f1o 2007 y cuenta con la asesor\u00eda del Equipo Prodesal Padis de la comuna. Actualmente lo conforman 35 apicultores que ofrecen diversos productos en el mercado, tales como:<\/p>\n<p>\u2022\u00a0\u00a0\u00a0\u00a0\u00a0\u00a0\u00a0\u00a0\u00a0\u00a0 Arrope<\/p>\n<p>\u2022\u00a0\u00a0\u00a0\u00a0\u00a0\u00a0\u00a0\u00a0\u00a0\u00a0 Crema de miel y prop\u00f3leo para manos<\/p>\n<p>\u2022\u00a0\u00a0\u00a0\u00a0\u00a0\u00a0\u00a0\u00a0\u00a0\u00a0 Crema facial, shampoo, b\u00e1lsamo de labios, jab\u00f3n<\/p>\n<p>\u2022\u00a0\u00a0\u00a0\u00a0\u00a0\u00a0\u00a0\u00a0\u00a0\u00a0 Cupcakes de miel<\/p>\n<p>\u2022\u00a0\u00a0\u00a0\u00a0\u00a0\u00a0\u00a0\u00a0\u00a0\u00a0 Miel con sabores (cacao, nueces, almendras)<\/p>\n<p>\u2022\u00a0\u00a0\u00a0\u00a0\u00a0\u00a0\u00a0\u00a0\u00a0\u00a0 Miel natural<\/p>\n<p>\u2022\u00a0\u00a0\u00a0\u00a0\u00a0\u00a0\u00a0\u00a0\u00a0\u00a0 Polen<\/p>\n<p>\u2022\u00a0\u00a0\u00a0\u00a0\u00a0\u00a0\u00a0\u00a0\u00a0\u00a0 Prop\u00f3leo en gotas<\/p>\n<p>Las abejas cumplen un rol fundamental en nuestro medioambiente debido al equilibrio ecol\u00f3gico en la naturaleza y para la vida humana.<\/p>\n<p>La perfecta simbiosis entre plantas y abejas genera un beneficio rec\u00edproco y tambi\u00e9n un gran beneficio para el planeta. Las flores de las plantas atraen a las abejas, que recogen el n\u00e9ctar y el polen, a cambio las abejas polinizan esas flores, ya que los pelos que recubren su cuerpo se cubren de microsc\u00f3picos granos de polen que ir\u00e1n a parar a otra flor, dando lugar a su fecundaci\u00f3n y a la producci\u00f3n del fruto y de sus semillas. Las abejas son las responsables del 80% de la polinizaci\u00f3n de las plantas.<\/p>\n<p>&nbsp;<\/p>\n<p>&nbsp;<\/p>\n<p>&nbsp;<\/p>\n","protected":false},"excerpt":{"rendered":"<p>El D\u00eda Nacional de la Miel se conmemor\u00f3 este lunes 08 de agosto con los diversos productores y emprendedores en la plaza de armas de nuestra comuna. La actividad cont\u00f3 con la presencia de los estudiantes de la Escuela Juan Carrasco Risco que disfrutaron y apreciaron los diferentes beneficios y<\/p>\n","protected":false},"author":1,"featured_media":1340,"comment_status":"closed","ping_status":"open","sticky":false,"template":"","format":"standard","meta":{"footnotes":""},"categories":[22],"tags":[],"class_list":["post-1339","post","type-post","status-publish","format-standard","has-post-thumbnail","hentry","category-muni-illapel"],"_links":{"self":[{"href":"https:\/\/minutaregional.cl\/index.php?rest_route=\/wp\/v2\/posts\/1339","targetHints":{"allow":["GET"]}}],"collection":[{"href":"https:\/\/minutaregional.cl\/index.php?rest_route=\/wp\/v2\/posts"}],"about":[{"href":"https:\/\/minutaregional.cl\/index.php?rest_route=\/wp\/v2\/types\/post"}],"author":[{"embeddable":true,"href":"https:\/\/minutaregional.cl\/index.php?rest_route=\/wp\/v2\/users\/1"}],"replies":[{"embeddable":true,"href":"https:\/\/minutaregional.cl\/index.php?rest_route=%2Fwp%2Fv2%2Fcomments&post=1339"}],"version-history":[{"count":1,"href":"https:\/\/minutaregional.cl\/index.php?rest_route=\/wp\/v2\/posts\/1339\/revisions"}],"predecessor-version":[{"id":1341,"href":"https:\/\/minutaregional.cl\/index.php?rest_route=\/wp\/v2\/posts\/1339\/revisions\/1341"}],"wp:featuredmedia":[{"embeddable":true,"href":"https:\/\/minutaregional.cl\/index.php?rest_route=\/wp\/v2\/media\/1340"}],"wp:attachment":[{"href":"https:\/\/minutaregional.cl\/index.php?rest_route=%2Fwp%2Fv2%2Fmedia&parent=1339"}],"wp:term":[{"taxonomy":"category","embeddable":true,"href":"https:\/\/minutaregional.cl\/index.php?rest_route=%2Fwp%2Fv2%2Fcategories&post=1339"},{"taxonomy":"post_tag","embeddable":true,"href":"https:\/\/minutaregional.cl\/index.php?rest_route=%2Fwp%2Fv2%2Ftags&post=1339"}],"curies":[{"name":"wp","href":"https:\/\/api.w.org\/{rel}","templated":true}]}}