{"id":1335,"date":"2022-08-09T04:03:27","date_gmt":"2022-08-09T04:03:27","guid":{"rendered":"https:\/\/minutaregional.cl\/?p=1335"},"modified":"2022-08-09T04:03:27","modified_gmt":"2022-08-09T04:03:27","slug":"pdi-aclara-crimen-de-hombre-que-fue-encontrado-en-el-maletero-de-un-auto-en-los-changos-de-coquimbo","status":"publish","type":"post","link":"https:\/\/minutaregional.cl\/?p=1335","title":{"rendered":"PDI ACLARA CRIMEN DE HOMBRE QUE FUE ENCONTRADO EN EL MALETERO DE UN AUTO EN \u201cLOS CHANGOS\u201d DE COQUIMBO"},"content":{"rendered":"<audio class=\"wp-audio-shortcode\" id=\"audio-1335-1\" preload=\"none\" style=\"width: 100%;\" controls=\"controls\"><source type=\"audio\/mpeg\" src=\"https:\/\/minutaregional.cl\/wp-content\/uploads\/2022\/08\/CUNA-CRIMEN-MALETERO_01.mp3?_=1\" \/><a href=\"https:\/\/minutaregional.cl\/wp-content\/uploads\/2022\/08\/CUNA-CRIMEN-MALETERO_01.mp3\">https:\/\/minutaregional.cl\/wp-content\/uploads\/2022\/08\/CUNA-CRIMEN-MALETERO_01.mp3<\/a><\/audio>\n<p>La Brigada de Homicidios La Serena detuvo a un individuo de 31 a\u00f1os que estar\u00eda involucrado en el crimen del hombre de 40 a\u00f1os, y ahora siguen los pasos de otro hombre y una mujer.<\/p>\n<p>Un macabro hallazgo ocurri\u00f3 la ma\u00f1ana del mi\u00e9rcoles 3 de agosto, cuando el due\u00f1o de un veh\u00edculo que hab\u00eda sido robado tres horas antes, lo encuentra abandonado en la v\u00eda p\u00fablica, con un cad\u00e1ver al interior del maletero.<\/p>\n<p>El hecho caus\u00f3 conmoci\u00f3n entre los vecinos de la toma \u201cLos Changos\u201d, en Coquimbo, al ver que su sector se convirti\u00f3 en el sitio del suceso, de la noche a la ma\u00f1ana. Los detectives concurrieron por instrucci\u00f3n de la fiscal\u00eda, y comenzaron la investigaci\u00f3n junto a peritos del Laboratorio de Criminal\u00edstica Regional.<\/p>\n<p>\u201cEl trabajo cient\u00edfico t\u00e9cnico nos permiti\u00f3 reunir las evidencias necesarias para establecer la identidad de la v\u00edctima, un hombre de 40 a\u00f1os, oriundo de Ovalle, que estaba viviendo en Coquimbo y en paralelo desarrollamos la labor de an\u00e1lisis criminal e inteligencia policial, para determinar las circunstancias de este crimen cometido con arma cortante y poder individualizar a los presuntos autores\u201d, se\u00f1al\u00f3 el Subprefecto Jos\u00e9 C\u00e1ceres, jefe de la Brigada de Homicidios La Serena.<\/p>\n<p>Durante toda la semana, el equipo completo de esta unidad especializada volvi\u00f3 a desplegarse en el sector para realizar un nuevo empadronamiento de los vecinos hasta recabar antecedentes importantes para identificar a los imputados del crimen.<\/p>\n<p>\u201cSolicitamos la participaci\u00f3n de especialistas Bioqu\u00edmicos del Laboratorio de Criminal\u00edstica Central, desarrollaron el trabajo cient\u00edfico t\u00e9cnico en un domicilio, levantando evidencia significativa. Pese a que el piso del inmueble fue alterado, el peritaje permiti\u00f3 detectar restos de sangre en el piso, que a simple vista no se advert\u00eda. Esta labor result\u00f3 clave para identificar a dos hombres y a una mujer, que estar\u00edan involucrados en el homicidio, procediendo con la detenci\u00f3n de un imputado, este domingo\u201d, se\u00f1al\u00f3 el subprefecto C\u00e1ceres.<\/p>\n<p>\u201cDurante la jornada de este lunes, el imputado fue formalizado y se le atribuy\u00f3 participaci\u00f3n como autor de un homicidio y un robo en bien nacional de uso p\u00fablico. Su participaci\u00f3n espec\u00edfica es parte de la investigaci\u00f3n, qued\u00f3 en prisi\u00f3n preventiva y se fij\u00f3 un plazo de 90 d\u00edas para el desarrollo del caso\u201d, se\u00f1al\u00f3 el fiscal de Coquimbo Claudio Correa.<\/p>\n<p>De acuerdo a los antecedentes de la Brigada de Homicidios La Serena, se descart\u00f3 la participaci\u00f3n de una banda delictual en el crimen, sino que se trata de una ri\u00f1a, que termin\u00f3 en el crimen y luego en el robo del veh\u00edculo donde fue ocultado el cad\u00e1ver. Los otros dos involucrados est\u00e1n pr\u00f3fugos, pero se encuentran identificados y a esta hora se desarrollan diversas diligencias para su detenci\u00f3n.<\/p>\n","protected":false},"excerpt":{"rendered":"<p>La Brigada de Homicidios La Serena detuvo a un individuo de 31 a\u00f1os que estar\u00eda involucrado en el crimen del hombre de 40 a\u00f1os, y ahora siguen los pasos de otro hombre y una mujer. Un macabro hallazgo ocurri\u00f3 la ma\u00f1ana del mi\u00e9rcoles 3 de agosto, cuando el due\u00f1o de<\/p>\n","protected":false},"author":1,"featured_media":1337,"comment_status":"closed","ping_status":"open","sticky":false,"template":"","format":"standard","meta":{"footnotes":""},"categories":[14],"tags":[],"class_list":["post-1335","post","type-post","status-publish","format-standard","has-post-thumbnail","hentry","category-pdi"],"_links":{"self":[{"href":"https:\/\/minutaregional.cl\/index.php?rest_route=\/wp\/v2\/posts\/1335","targetHints":{"allow":["GET"]}}],"collection":[{"href":"https:\/\/minutaregional.cl\/index.php?rest_route=\/wp\/v2\/posts"}],"about":[{"href":"https:\/\/minutaregional.cl\/index.php?rest_route=\/wp\/v2\/types\/post"}],"author":[{"embeddable":true,"href":"https:\/\/minutaregional.cl\/index.php?rest_route=\/wp\/v2\/users\/1"}],"replies":[{"embeddable":true,"href":"https:\/\/minutaregional.cl\/index.php?rest_route=%2Fwp%2Fv2%2Fcomments&post=1335"}],"version-history":[{"count":1,"href":"https:\/\/minutaregional.cl\/index.php?rest_route=\/wp\/v2\/posts\/1335\/revisions"}],"predecessor-version":[{"id":1338,"href":"https:\/\/minutaregional.cl\/index.php?rest_route=\/wp\/v2\/posts\/1335\/revisions\/1338"}],"wp:featuredmedia":[{"embeddable":true,"href":"https:\/\/minutaregional.cl\/index.php?rest_route=\/wp\/v2\/media\/1337"}],"wp:attachment":[{"href":"https:\/\/minutaregional.cl\/index.php?rest_route=%2Fwp%2Fv2%2Fmedia&parent=1335"}],"wp:term":[{"taxonomy":"category","embeddable":true,"href":"https:\/\/minutaregional.cl\/index.php?rest_route=%2Fwp%2Fv2%2Fcategories&post=1335"},{"taxonomy":"post_tag","embeddable":true,"href":"https:\/\/minutaregional.cl\/index.php?rest_route=%2Fwp%2Fv2%2Ftags&post=1335"}],"curies":[{"name":"wp","href":"https:\/\/api.w.org\/{rel}","templated":true}]}}