{"id":1329,"date":"2022-08-08T21:03:32","date_gmt":"2022-08-08T21:03:32","guid":{"rendered":"https:\/\/minutaregional.cl\/?p=1329"},"modified":"2022-08-08T21:03:32","modified_gmt":"2022-08-08T21:03:32","slug":"diputado-manouchehri-por-declaraciones-de-timonel-pc-no-contribuyen-al-triunfo-del-apruebo","status":"publish","type":"post","link":"https:\/\/minutaregional.cl\/?p=1329","title":{"rendered":"Diputado Manouchehri por declaraciones de timonel PC: \u201cNo contribuyen al triunfo del Apruebo\u201d"},"content":{"rendered":"<p>\u00abLas declaraciones del presidente del PC no contribuyen en nada al triunfo del Apruebo, s\u00f3lo favorecen a la opci\u00f3n del Rechazo. Hoy d\u00eda, m\u00e1s que andar preocupados de capitalizar los votos del Apruebo, la preocupaci\u00f3n de las fuerzas pol\u00edticas debe ser el triunfo del Apruebo.<\/p>\n<p>Creemos por lo dem\u00e1s que este llamado a lo que nos inst\u00f3 el Presidente debe ser acogido, as\u00ed lo hemos hecho la amplia mayor\u00eda de las fuerzas pol\u00edticas que adherimos al gobierno del Presidente Gabriel Boric, y creemos que el presidente del PC debe actuar con la misma lealtad que han actuado la inmensa mayor\u00eda de los parlamentarios que respaldan al gobierno.\u201d<\/p>\n<p>&nbsp;<\/p>\n<p>&nbsp;<\/p>\n","protected":false},"excerpt":{"rendered":"<p>\u00abLas declaraciones del presidente del PC no contribuyen en nada al triunfo del Apruebo, s\u00f3lo favorecen a la opci\u00f3n del Rechazo. Hoy d\u00eda, m\u00e1s que andar preocupados de capitalizar los votos del Apruebo, la preocupaci\u00f3n de las fuerzas pol\u00edticas debe ser el triunfo del Apruebo. Creemos por lo dem\u00e1s que<\/p>\n","protected":false},"author":1,"featured_media":1330,"comment_status":"closed","ping_status":"open","sticky":false,"template":"","format":"standard","meta":{"footnotes":""},"categories":[26],"tags":[],"class_list":["post-1329","post","type-post","status-publish","format-standard","has-post-thumbnail","hentry","category-camara-de-diputadas-y-diputados"],"_links":{"self":[{"href":"https:\/\/minutaregional.cl\/index.php?rest_route=\/wp\/v2\/posts\/1329","targetHints":{"allow":["GET"]}}],"collection":[{"href":"https:\/\/minutaregional.cl\/index.php?rest_route=\/wp\/v2\/posts"}],"about":[{"href":"https:\/\/minutaregional.cl\/index.php?rest_route=\/wp\/v2\/types\/post"}],"author":[{"embeddable":true,"href":"https:\/\/minutaregional.cl\/index.php?rest_route=\/wp\/v2\/users\/1"}],"replies":[{"embeddable":true,"href":"https:\/\/minutaregional.cl\/index.php?rest_route=%2Fwp%2Fv2%2Fcomments&post=1329"}],"version-history":[{"count":1,"href":"https:\/\/minutaregional.cl\/index.php?rest_route=\/wp\/v2\/posts\/1329\/revisions"}],"predecessor-version":[{"id":1331,"href":"https:\/\/minutaregional.cl\/index.php?rest_route=\/wp\/v2\/posts\/1329\/revisions\/1331"}],"wp:featuredmedia":[{"embeddable":true,"href":"https:\/\/minutaregional.cl\/index.php?rest_route=\/wp\/v2\/media\/1330"}],"wp:attachment":[{"href":"https:\/\/minutaregional.cl\/index.php?rest_route=%2Fwp%2Fv2%2Fmedia&parent=1329"}],"wp:term":[{"taxonomy":"category","embeddable":true,"href":"https:\/\/minutaregional.cl\/index.php?rest_route=%2Fwp%2Fv2%2Fcategories&post=1329"},{"taxonomy":"post_tag","embeddable":true,"href":"https:\/\/minutaregional.cl\/index.php?rest_route=%2Fwp%2Fv2%2Ftags&post=1329"}],"curies":[{"name":"wp","href":"https:\/\/api.w.org\/{rel}","templated":true}]}}