{"id":1322,"date":"2022-08-06T17:42:33","date_gmt":"2022-08-06T17:42:33","guid":{"rendered":"https:\/\/minutaregional.cl\/?p=1322"},"modified":"2022-08-06T17:44:51","modified_gmt":"2022-08-06T17:44:51","slug":"consejeros-regionales-sugieren-aplicar-criterios-de-evaluacion-tecnica-de-zonas-rezagadas-a-proyectos-de-localidades-apartadas","status":"publish","type":"post","link":"https:\/\/minutaregional.cl\/?p=1322","title":{"rendered":"Consejeros Regionales sugieren aplicar criterios de evaluaci\u00f3n t\u00e9cnica de Zonas Rezagadas a proyectos de localidades apartadas"},"content":{"rendered":"<p>Durante los \u00faltimos d\u00edas se realizaron diversas reuniones entre profesionales de Subdere, el equipo de gesti\u00f3n territorial de Zonas Rezagadas del Gobierno Regional y beneficiarios directos de este programa, servicios p\u00fablicos y consejeros regionales. El objetivo es hacer un balance de los 8 a\u00f1os del programa Limar\u00ed \u2013 Choapa y, en base a ello, realizaron propuestas para el nuevo territorio Elqui \u2013 Limar\u00ed.<\/p>\n<p>El Plan de Gesti\u00f3n Territorial de Zonas Rezagadas comenz\u00f3 en 2014 con el fin de disminuir las brechas entre quienes viven en el campo y zonas apartadas respecto de las familias que habitan en las urbes. En la Regi\u00f3n de Coquimbo, el primer plan involucr\u00f3 a las provincias de Limar\u00ed y Choapa, beneficiando a las comunas de Monte Patria, Combarbal\u00e1, Punitaqui y Canela con 147 iniciativas por un monto superior a los $189 mil millones, finalizando este 2022.<\/p>\n<p>Un programa que ha generado importantes mejoras para estas comunas, por lo que, tras solicitud de los alcaldes, Subdere eval\u00faa ampliar el per\u00edodo, mientras en paralelo se avanza en el plan para el nuevo territorio Elqui \u2013 Limar\u00ed, que beneficiar\u00e1 a las comunas de La Higuera, Andacollo, Vicu\u00f1a y R\u00edo Hurtado.<\/p>\n<p>Para realizar un balance del primer plan, se realiz\u00f3 una serie de reuniones de trabajo entre profesionales de Subdere, el equipo de gesti\u00f3n territorial del Gobierno regional y distintos actores regionales, entre ellos, las y los consejeros regionales Tatiana Castillo, Wladimir Pleticosic, Mat\u00edas Guzm\u00e1n y Hanna Jarufe.<\/p>\n<p>Instancia de balance en que los consejeros sugirieron revisar la posibilidad de aplicar los criterios de evaluaci\u00f3n t\u00e9cnica de Zonas Rezagadas a proyectos de localidades apartadas.<\/p>\n<p>Como explic\u00f3 el consejero por Limar\u00ed, y presidente de la comisi\u00f3n de Ordenamiento Territorial, Wladimir Pleticosic, \u201cuno de los elementos diferenciadores de este programa es, justamente, la evaluaci\u00f3n t\u00e9cnica que se hace de los proyectos. Hoy tanto en comunas que no pertenecen a los territorios rezagados, como en las comunas que si lo hacen, hay una infinidad de proyectos que est\u00e1n detenidos por haber sido incorporados en la evaluaci\u00f3n tradicional, lo que ha provocado un retraso en su ejecuci\u00f3n, y con ello, en la llegada de estas mejoras a la comunidad\u201d.<\/p>\n<p>Lo anterior, enfatiz\u00f3 el consejero, no implica incorporar m\u00e1s comunas al plan ni invertir recursos, sino que se pueda utilizar la evaluaci\u00f3n diferenciada que se realiza con las iniciativas de zonas rezagadas, para destrabar proyectos emblem\u00e1ticos e importantes que han tenido dificultades para avanzar dentro de otras comunas no rezagadas, pero que si cuentan con \u00edndices de vulnerabilidad y dispersi\u00f3n.<\/p>\n<p>Por su parte, la consejera por Elqui, y presidenta de la comisi\u00f3n de fomento Productivo, Tatiana Castillo, agreg\u00f3 que se igualmente se transmiti\u00f3 a Subdere la necesidad de contar con m\u00e1s recursos para dar mayor agilidad al programa. \u201cNuestra regi\u00f3n tiene mucha ruralidad y tiene mucho retraso tambi\u00e9n. Los puntos son emblem\u00e1ticos, la electricidad no est\u00e1 en todos los lugares, el agua no llega de forma fluida a todo el territorio y la conectividad y caminos tambi\u00e9n est\u00e1 al debe para muchas familias de nuestras zonas m\u00e1s apartadas, y esos son los puntos en los que m\u00e1s hicimos hincapi\u00e9\u201d, agreg\u00f3 la consejera.<\/p>\n<p>Evaluaci\u00f3n Final territorio Limar\u00ed &#8211; Choapa<\/p>\n<p>Tras la reuni\u00f3n de balance con las y los consejeros regionales, la profesional de la Unidad de Territorios de Convergencia de la Divisi\u00f3n de desarrollo regional de Subdere, Magdalena D\u00edaz, detall\u00f3 que \u201cesta es la evaluaci\u00f3n final del plan Limar\u00ed \u2013 Choapa, un proceso que por ley se est\u00e1 haciendo adem\u00e1s en las regiones del Maule y Biob\u00edo, donde hemos tenido tres d\u00edas arduos de despliegue en terreno hablando con los principales beneficiados de este programa de Zonas Rezagadas y, hoy, conociendo la opini\u00f3n de los consejeros regionales, como principales autoridades y representantes de la comunidad\u201d.<\/p>\n<p>Entre las caracter\u00edsticas regionales en la implementaci\u00f3n del programa, la representante de Subdere puntualiz\u00f3 que luego de la pandemia, los datos de pobreza indican que muchas comunas califican como zonas rezagadas y \u201cah\u00ed est\u00e1 el desaf\u00edo de dar la continuidad que ha comprometido nuestro Subsecretario respecto del plan a\u00fan vigente, adem\u00e1s del proceso en que estamos para aprobar un nuevo territorio, con lo que la regi\u00f3n tendr\u00eda 8 comunas en el territorio\u201d.<\/p>\n<p>Por su parte, el encargado Unidad de Zonas Rezagadas, Rodrigo Guti\u00e9rrez, agreg\u00f3 que \u201cesperamos esta sea una evaluaci\u00f3n intermedia respecto de la posibilidad de continuar con el programa en el territorio actual y, a la vez, sumar el nuevo territorio. Hoy creemos que tenemos la experiencia suficiente para no cometer errores que se pudieron cometer en alg\u00fan momento en algunas iniciativas puntuales, y el balance general es que el programa ha sido exitoso, que mejora la calidad de vida de los habitantes de estos territorios, le da oportunidades a gente que nunca tuvo oportunidades respecto de la descentralizaci\u00f3n que debe haber como pa\u00eds y como regi\u00f3n\u201d.<\/p>\n<p>Durante la reuni\u00f3n se destac\u00f3 la instancia de escuchar a los territorios desde la particularidad del trabajo local, y la necesidad de flexibilizar los instrumentos generados en nivel central y que deben responder a necesidades que, muchas veces son dif\u00edciles de cumplir.<\/p>\n<p>&nbsp;<\/p>\n","protected":false},"excerpt":{"rendered":"<p>Durante los \u00faltimos d\u00edas se realizaron diversas reuniones entre profesionales de Subdere, el equipo de gesti\u00f3n territorial de Zonas Rezagadas del Gobierno Regional y beneficiarios directos de este programa, servicios p\u00fablicos y consejeros regionales. El objetivo es hacer un balance de los 8 a\u00f1os del programa Limar\u00ed \u2013 Choapa y,<\/p>\n","protected":false},"author":1,"featured_media":1323,"comment_status":"closed","ping_status":"open","sticky":false,"template":"","format":"standard","meta":{"footnotes":""},"categories":[19,18],"tags":[],"class_list":["post-1322","post","type-post","status-publish","format-standard","has-post-thumbnail","hentry","category-corecoquimbo","category-zona-rezagada"],"_links":{"self":[{"href":"https:\/\/minutaregional.cl\/index.php?rest_route=\/wp\/v2\/posts\/1322","targetHints":{"allow":["GET"]}}],"collection":[{"href":"https:\/\/minutaregional.cl\/index.php?rest_route=\/wp\/v2\/posts"}],"about":[{"href":"https:\/\/minutaregional.cl\/index.php?rest_route=\/wp\/v2\/types\/post"}],"author":[{"embeddable":true,"href":"https:\/\/minutaregional.cl\/index.php?rest_route=\/wp\/v2\/users\/1"}],"replies":[{"embeddable":true,"href":"https:\/\/minutaregional.cl\/index.php?rest_route=%2Fwp%2Fv2%2Fcomments&post=1322"}],"version-history":[{"count":2,"href":"https:\/\/minutaregional.cl\/index.php?rest_route=\/wp\/v2\/posts\/1322\/revisions"}],"predecessor-version":[{"id":1325,"href":"https:\/\/minutaregional.cl\/index.php?rest_route=\/wp\/v2\/posts\/1322\/revisions\/1325"}],"wp:featuredmedia":[{"embeddable":true,"href":"https:\/\/minutaregional.cl\/index.php?rest_route=\/wp\/v2\/media\/1323"}],"wp:attachment":[{"href":"https:\/\/minutaregional.cl\/index.php?rest_route=%2Fwp%2Fv2%2Fmedia&parent=1322"}],"wp:term":[{"taxonomy":"category","embeddable":true,"href":"https:\/\/minutaregional.cl\/index.php?rest_route=%2Fwp%2Fv2%2Fcategories&post=1322"},{"taxonomy":"post_tag","embeddable":true,"href":"https:\/\/minutaregional.cl\/index.php?rest_route=%2Fwp%2Fv2%2Ftags&post=1322"}],"curies":[{"name":"wp","href":"https:\/\/api.w.org\/{rel}","templated":true}]}}