{"id":1311,"date":"2022-08-04T00:44:00","date_gmt":"2022-08-04T00:44:00","guid":{"rendered":"https:\/\/minutaregional.cl\/?p=1311"},"modified":"2022-08-04T00:50:33","modified_gmt":"2022-08-04T00:50:33","slug":"al-menos-600-nuevos-medicos-requerira-la-region-de-coquimbo-con-los-nuevos-hospitales-de-la-serena-coquimbo-e-illapel","status":"publish","type":"post","link":"https:\/\/minutaregional.cl\/?p=1311","title":{"rendered":"Al menos 600 nuevos m\u00e9dicos requerir\u00e1 la Regi\u00f3n de Coquimbo con los nuevos hospitales de La Serena, Coquimbo e Illapel"},"content":{"rendered":"<p>En sesi\u00f3n de la comisi\u00f3n de Salud y Deportes del CORE, presidido por la consejera Ximena Ampuero, la SEREMI de Salud, Paola Salas, inform\u00f3 sobre los requerimientos y brechas regionales en materia de profesionales de la salud. A nivel nacional, la regi\u00f3n es una de las tres con menor dotaci\u00f3n de m\u00e9dicos por cada 10 mil habitantes.<\/p>\n<p>Con el fin de proyectar y levantar iniciativas para abordar la falta de m\u00e9dicos, especialistas y profesionales de la salud en la Regi\u00f3n de Coquimbo, los integrantes de la Comisi\u00f3n de Salud y Deportes del Consejo Regional invitaron a la SEREMI de Salud, Paola Salas, para conocer a fondo el panorama local, los requerimientos y las brechas en esta materia.<\/p>\n<p>&nbsp;<\/p>\n<p>Entre los datos proporcionados por la autoridad regional de salud, est\u00e1 el hecho de que hoy la regi\u00f3n, sin considerar los nuevos hospitales proyectados para La Serena, Coquimbo e Illapel, requiere de 363 m\u00e9dicos especialistas, mientras que actualmente la red cuenta solo con 122, es decir, la regi\u00f3n tiene una brecha de 241 especialistas al d\u00eda de hoy. Oftalm\u00f3logos, anestesi\u00f3logos, cirug\u00eda de c\u00e1ncer, medicina interna, ginecolog\u00eda y obstetricia son algunas de las especialidades con mayor d\u00e9ficit.<\/p>\n<p>Sobre la relevancia de contar con estos antecedentes a la mano para el trabajo del CORE, la consejera Ximena Ampuero, presidenta de la comisi\u00f3n de Salud y Deportes, enfatiz\u00f3 en que \u201ceste es un tema que viene hace a\u00f1os, y con esta sesi\u00f3n especial de bicomisi\u00f3n de Salud y Educaci\u00f3n, buscamos fundamentar y fomentar el trabajo para enfrentar este panorama, conociendo las aristas con que contamos para ir rompiendo estas brechas. Con el diagn\u00f3stico que nos entreg\u00f3 la SEREMI tenemos un panorama mucho m\u00e1s amplio y, lo m\u00e1s importante, es que podemos proyectarnos con una universidad estatal, como es la Universidad de La Serena, para ver si podemos tener una facultad de medicina y, con ello, aumentar la capacidad de formaci\u00f3n de m\u00e9dicos\u201d.<\/p>\n<p>Una alternativa que se observa con atenci\u00f3n, pues, como detall\u00f3 la SEREMI, la \u00fanica entidad superior que hoy dicta medicina en la regi\u00f3n es la UCN, manteniendo no m\u00e1s de 30 a 35 egresados por a\u00f1o, en momentos en que debido a la pandemia cerca de 60 m\u00e9dicos no habr\u00edan podido hacer su internado hasta hoy.<\/p>\n<p>Tras su presentaci\u00f3n, la seremi Salas detall\u00f3 que \u201cvan a venir grandes inversiones en la regi\u00f3n de nuevos hospitales para La Serena, Coquimbo e Illapel, en los que se van a necesitar aproximadamente 600 m\u00e9dicos. Lo que le present\u00e9 a nuestras autoridades es el perfil epidemiol\u00f3gico de la necesidad de formar m\u00e9dicos, basado en que la gente se est\u00e1 muriendo de enfermedades que no estamos resolviendo completamente, como son el c\u00e1ncer, que es la primera causa de muerte en la regi\u00f3n, mientras que la segunda son las enfermedades cardiovasculares, seguida de las enfermedades del sistema respiratorio\u201d.<\/p>\n<p>Seg\u00fan lo planteado, resulta fundamental la formaci\u00f3n de nuevos profesionales de la salud en materia de perfil epidemiol\u00f3gico territorial, enfatizando en c\u00e1ncer, salud mental, Enfermedad de Chagas, patolog\u00edas de poblaci\u00f3n migrante, patolog\u00edas de adulto mayor, consultas de morbilidad en Atenci\u00f3n Primaria y controles preventivos.<\/p>\n<p>Otro elemento que suma a la necesidad de especialistas en las tres provincias es la dispersi\u00f3n geogr\u00e1fica, considerando que el perfil de la salud de los habitantes difiere en las distintas zonas. \u201cAdem\u00e1s de la infraestructura, hoy tenemos que mejorar en materia de recursos humanos, por lo que estamos avalando que, por ejemplo, se forme la carrera de Medicina en la Universidad del Estado, con un enfoque de funcionario p\u00fablico de prestador de servicio, un m\u00e9dico que tenga desarrollada la empat\u00eda por el territorio, que se quiera quedar en la regi\u00f3n y que quiera hacer su vida ac\u00e1 en beneficio de la poblaci\u00f3n a la que atiende\u201d, agreg\u00f3 Salas.<\/p>\n<p>A nivel nacional la media de m\u00e9dicos por 10.000 habitantes era de 22,8 en 2016, muy por debajo del promedio de los pa\u00edses de la Organizaci\u00f3n para la Cooperaci\u00f3n y Desarrollo Econ\u00f3mico (OCDE), que es de 33. En la atenci\u00f3n primaria regional, a nivel comunal urbano se trabaja con una dotaci\u00f3n de 4 m\u00e9dicos por cada 10 mil habitantes y de 5,2 m\u00e9dicos por cada 10 mil personas en comunas rurales, considerando los tiempos asociados a desplazamientos en las rondas, que equivalen a un 30% del tiempo de la jornada.<\/p>\n","protected":false},"excerpt":{"rendered":"<p>En sesi\u00f3n de la comisi\u00f3n de Salud y Deportes del CORE, presidido por la consejera Ximena Ampuero, la SEREMI de Salud, Paola Salas, inform\u00f3 sobre los requerimientos y brechas regionales en materia de profesionales de la salud. A nivel nacional, la regi\u00f3n es una de las tres con menor dotaci\u00f3n<\/p>\n","protected":false},"author":1,"featured_media":1312,"comment_status":"closed","ping_status":"open","sticky":false,"template":"","format":"standard","meta":{"footnotes":""},"categories":[36],"tags":[],"class_list":["post-1311","post","type-post","status-publish","format-standard","has-post-thumbnail","hentry","category-dppcoquimbo"],"_links":{"self":[{"href":"https:\/\/minutaregional.cl\/index.php?rest_route=\/wp\/v2\/posts\/1311","targetHints":{"allow":["GET"]}}],"collection":[{"href":"https:\/\/minutaregional.cl\/index.php?rest_route=\/wp\/v2\/posts"}],"about":[{"href":"https:\/\/minutaregional.cl\/index.php?rest_route=\/wp\/v2\/types\/post"}],"author":[{"embeddable":true,"href":"https:\/\/minutaregional.cl\/index.php?rest_route=\/wp\/v2\/users\/1"}],"replies":[{"embeddable":true,"href":"https:\/\/minutaregional.cl\/index.php?rest_route=%2Fwp%2Fv2%2Fcomments&post=1311"}],"version-history":[{"count":2,"href":"https:\/\/minutaregional.cl\/index.php?rest_route=\/wp\/v2\/posts\/1311\/revisions"}],"predecessor-version":[{"id":1314,"href":"https:\/\/minutaregional.cl\/index.php?rest_route=\/wp\/v2\/posts\/1311\/revisions\/1314"}],"wp:featuredmedia":[{"embeddable":true,"href":"https:\/\/minutaregional.cl\/index.php?rest_route=\/wp\/v2\/media\/1312"}],"wp:attachment":[{"href":"https:\/\/minutaregional.cl\/index.php?rest_route=%2Fwp%2Fv2%2Fmedia&parent=1311"}],"wp:term":[{"taxonomy":"category","embeddable":true,"href":"https:\/\/minutaregional.cl\/index.php?rest_route=%2Fwp%2Fv2%2Fcategories&post=1311"},{"taxonomy":"post_tag","embeddable":true,"href":"https:\/\/minutaregional.cl\/index.php?rest_route=%2Fwp%2Fv2%2Ftags&post=1311"}],"curies":[{"name":"wp","href":"https:\/\/api.w.org\/{rel}","templated":true}]}}