{"id":1308,"date":"2022-08-04T00:02:18","date_gmt":"2022-08-04T00:02:18","guid":{"rendered":"https:\/\/minutaregional.cl\/?p=1308"},"modified":"2022-08-04T00:03:47","modified_gmt":"2022-08-04T00:03:47","slug":"diputado-manouchehri-valora-proyecto-que-establece-el-16-de-septiembre-como-feriado","status":"publish","type":"post","link":"https:\/\/minutaregional.cl\/?p=1308","title":{"rendered":"Diputado Manouchehri valora proyecto que establece el 16 de septiembre como feriado"},"content":{"rendered":"<p>\u201cQueremos valorar el env\u00edo del proyecto de ley por parte del gobierno que establece el 16 de septiembre como feriado. Esto es una buena noticia para la gente. Tener este feriado va a ayudar no s\u00f3lo a tener un d\u00eda m\u00e1s de descanso merecido por los trabajadores de este pa\u00eds, sino que adem\u00e1s va a ayudar a reactivar la econom\u00eda. Fundamentalmente en aquellas zonas en donde se vive del turismo, tan golpeado en el \u00faltimo tiempo.<\/p>\n<p>Es por eso que hacemos primeramente un llamado a todos los diputados a que respaldemos este proyecto de ley y lo saquemos r\u00e1pidamente. Y segundo, tambi\u00e9n un reconocimiento al diputado Pino que ha sido impulsor de este proyecto y sin duda esto va a beneficiar a nuestra econom\u00eda.\u201d<\/p>\n<p>&nbsp;<\/p>\n<p>&nbsp;<\/p>\n","protected":false},"excerpt":{"rendered":"<p>\u201cQueremos valorar el env\u00edo del proyecto de ley por parte del gobierno que establece el 16 de septiembre como feriado. Esto es una buena noticia para la gente. Tener este feriado va a ayudar no s\u00f3lo a tener un d\u00eda m\u00e1s de descanso merecido por los trabajadores de este pa\u00eds,<\/p>\n","protected":false},"author":1,"featured_media":1309,"comment_status":"closed","ping_status":"open","sticky":false,"template":"","format":"standard","meta":{"footnotes":""},"categories":[26],"tags":[],"class_list":["post-1308","post","type-post","status-publish","format-standard","has-post-thumbnail","hentry","category-camara-de-diputadas-y-diputados"],"_links":{"self":[{"href":"https:\/\/minutaregional.cl\/index.php?rest_route=\/wp\/v2\/posts\/1308","targetHints":{"allow":["GET"]}}],"collection":[{"href":"https:\/\/minutaregional.cl\/index.php?rest_route=\/wp\/v2\/posts"}],"about":[{"href":"https:\/\/minutaregional.cl\/index.php?rest_route=\/wp\/v2\/types\/post"}],"author":[{"embeddable":true,"href":"https:\/\/minutaregional.cl\/index.php?rest_route=\/wp\/v2\/users\/1"}],"replies":[{"embeddable":true,"href":"https:\/\/minutaregional.cl\/index.php?rest_route=%2Fwp%2Fv2%2Fcomments&post=1308"}],"version-history":[{"count":1,"href":"https:\/\/minutaregional.cl\/index.php?rest_route=\/wp\/v2\/posts\/1308\/revisions"}],"predecessor-version":[{"id":1310,"href":"https:\/\/minutaregional.cl\/index.php?rest_route=\/wp\/v2\/posts\/1308\/revisions\/1310"}],"wp:featuredmedia":[{"embeddable":true,"href":"https:\/\/minutaregional.cl\/index.php?rest_route=\/wp\/v2\/media\/1309"}],"wp:attachment":[{"href":"https:\/\/minutaregional.cl\/index.php?rest_route=%2Fwp%2Fv2%2Fmedia&parent=1308"}],"wp:term":[{"taxonomy":"category","embeddable":true,"href":"https:\/\/minutaregional.cl\/index.php?rest_route=%2Fwp%2Fv2%2Fcategories&post=1308"},{"taxonomy":"post_tag","embeddable":true,"href":"https:\/\/minutaregional.cl\/index.php?rest_route=%2Fwp%2Fv2%2Ftags&post=1308"}],"curies":[{"name":"wp","href":"https:\/\/api.w.org\/{rel}","templated":true}]}}