{"id":1305,"date":"2022-08-03T20:12:42","date_gmt":"2022-08-03T20:12:42","guid":{"rendered":"https:\/\/minutaregional.cl\/?p=1305"},"modified":"2022-08-03T20:24:01","modified_gmt":"2022-08-03T20:24:01","slug":"se-aprueba-chao-dicom-camara-de-diputados-despacho-proyecto-al-senado","status":"publish","type":"post","link":"https:\/\/minutaregional.cl\/?p=1305","title":{"rendered":"Se aprueba \u201cChao Dicom\u201d: C\u00e1mara de Diputados despach\u00f3 proyecto al Senado"},"content":{"rendered":"<p>El diputado Daniel Manouchehri, autor del proyecto, valor\u00f3 la transversalidad con que fue aprobado. \u201cEso es lo que quiere la gente, que nos pongamos de acuerdo para sacar adelante proyectos que les benefician\u201d, se\u00f1al\u00f3.<\/p>\n<p>La Sala de la C\u00e1mara de Diputadas y Diputados aprob\u00f3 y despach\u00f3 al Senado el proyecto conocido como \u201cChao Dicom\u201d. La iniciativa\u00a0busca que los responsables de los registros de deudas no comuniquen estos datos, estableciendo sanciones al uso malicioso de la informaci\u00f3n.<\/p>\n<p>El diputado Daniel Manouchehri, autor del proyecto, destac\u00f3 la amplia mayor\u00eda con que fue aprobado. \u201cEsto es una buena noticia, hemos construido una amplia mayor\u00eda de todos los sectores pol\u00edticos aprobando este proyecto que beneficia a la gente. Eso es lo que quiere la gente de nosotros, que nos pongamos de acuerdo en los temas que nos benefician y podamos construir mayor\u00edas para ir en ayuda de la gente\u201d, expres\u00f3 el legislador del PS.<\/p>\n<p>El parlamentario de la Regi\u00f3n de Coquimbo agradeci\u00f3 el apoyo transversal al \u201cChao Dicom\u201d, principalmente de quienes firmaron la iniciativa cuando fue presentada en abril; las diputadas Mar\u00eda Luisa Cordero (Independiente Chile Vamos), Sofia Cid (RN), Ana Mar\u00eda Bravo (PS), Danisa Astudillo (PS); y los diputados Miguel Mellado (RN), Daniel Melo (PS), Boris Barrera (PC), Miguel \u00c1ngel Calisto (DC) y Alejandro Bernales (PL).<\/p>\n<p>\u201cCon el \u2018Chao Dicom\u2019 vamos a darle una segunda oportunidad a las personas, en primer t\u00e9rmino, y vamos a ayudar a reactivar la econom\u00eda. La gente necesita esta ayuda\u201d, indic\u00f3 Manouchehri.<\/p>\n<p>Respecto al proceso que viene para la iniciativa, el diputado Miguel Mellado de RN llam\u00f3 al Senado a que \u201cas\u00ed como hemos aprobado r\u00e1pidamente proyectos de autor\u00eda de ellos, tambi\u00e9n hagan esto por el bien de la ciudadan\u00eda que necesita con rapidez esta ayuda para poder pararse nuevamente. Espero que el Senado lo haga y tambi\u00e9n vamos a conversar como comisi\u00f3n con el ministro Jackson para que le coloque urgencia al proyecto en el Senado, para que salga r\u00e1pido algo que beneficia a todos los chilenos\u201d.<\/p>\n<p>En esta l\u00ednea, la diputada socialista Ana Mar\u00eda Bravo resalt\u00f3 que \u201cestamos pensando no solo en los trabajadores que est\u00e1n sin su fuente laboral por estar en Dicom, sino que tambi\u00e9n en c\u00f3mo podemos apoyar a las Pymes en la reactivaci\u00f3n econ\u00f3mica que durante el periodo de la pandemia y el estallido social sufrieron mucho y necesitan resurgir. Necesitan retomar sus actividades\u201d.<\/p>\n<p>\u00bfEn qu\u00e9 consiste el \u201cChao Dicom\u201d?<\/p>\n<p>El proyecto busca establecer la prohibici\u00f3n de proporcionar informaci\u00f3n sobre deudas exigibles desde el 18 de octubre de 2019 al 31 de mayo de 2022, por parte de los responsables de los registros de datos, como las instituciones financieras, bancarias o comerciales. El beneficio es para un total adeudado inferior a los 2,5 millones de pesos, excluyendo intereses o reajustes.<\/p>\n<p>El \u201cChao Dicom\u201d indica una norma de sanci\u00f3n, castigando su incumplimiento, omisi\u00f3n o uso malicioso de la informaci\u00f3n de deudas con multas desde 1.000 hasta 2.250 UTM. Es decir, hasta 130 millones de pesos.<\/p>\n<p>&nbsp;<\/p>\n","protected":false},"excerpt":{"rendered":"<p>El diputado Daniel Manouchehri, autor del proyecto, valor\u00f3 la transversalidad con que fue aprobado. \u201cEso es lo que quiere la gente, que nos pongamos de acuerdo para sacar adelante proyectos que les benefician\u201d, se\u00f1al\u00f3. La Sala de la C\u00e1mara de Diputadas y Diputados aprob\u00f3 y despach\u00f3 al Senado el proyecto<\/p>\n","protected":false},"author":1,"featured_media":1306,"comment_status":"closed","ping_status":"open","sticky":false,"template":"","format":"standard","meta":{"footnotes":""},"categories":[26],"tags":[],"class_list":["post-1305","post","type-post","status-publish","format-standard","has-post-thumbnail","hentry","category-camara-de-diputadas-y-diputados"],"_links":{"self":[{"href":"https:\/\/minutaregional.cl\/index.php?rest_route=\/wp\/v2\/posts\/1305","targetHints":{"allow":["GET"]}}],"collection":[{"href":"https:\/\/minutaregional.cl\/index.php?rest_route=\/wp\/v2\/posts"}],"about":[{"href":"https:\/\/minutaregional.cl\/index.php?rest_route=\/wp\/v2\/types\/post"}],"author":[{"embeddable":true,"href":"https:\/\/minutaregional.cl\/index.php?rest_route=\/wp\/v2\/users\/1"}],"replies":[{"embeddable":true,"href":"https:\/\/minutaregional.cl\/index.php?rest_route=%2Fwp%2Fv2%2Fcomments&post=1305"}],"version-history":[{"count":1,"href":"https:\/\/minutaregional.cl\/index.php?rest_route=\/wp\/v2\/posts\/1305\/revisions"}],"predecessor-version":[{"id":1307,"href":"https:\/\/minutaregional.cl\/index.php?rest_route=\/wp\/v2\/posts\/1305\/revisions\/1307"}],"wp:featuredmedia":[{"embeddable":true,"href":"https:\/\/minutaregional.cl\/index.php?rest_route=\/wp\/v2\/media\/1306"}],"wp:attachment":[{"href":"https:\/\/minutaregional.cl\/index.php?rest_route=%2Fwp%2Fv2%2Fmedia&parent=1305"}],"wp:term":[{"taxonomy":"category","embeddable":true,"href":"https:\/\/minutaregional.cl\/index.php?rest_route=%2Fwp%2Fv2%2Fcategories&post=1305"},{"taxonomy":"post_tag","embeddable":true,"href":"https:\/\/minutaregional.cl\/index.php?rest_route=%2Fwp%2Fv2%2Ftags&post=1305"}],"curies":[{"name":"wp","href":"https:\/\/api.w.org\/{rel}","templated":true}]}}