{"id":1302,"date":"2022-08-03T01:15:52","date_gmt":"2022-08-03T01:15:52","guid":{"rendered":"https:\/\/minutaregional.cl\/?p=1302"},"modified":"2022-08-03T01:15:52","modified_gmt":"2022-08-03T01:15:52","slug":"delegado-ruben-quezada-presenta-al-jefe-de-la-oficina-regional-de-la-superintendencia-de-medio-ambiente","status":"publish","type":"post","link":"https:\/\/minutaregional.cl\/?p=1302","title":{"rendered":"Delegado Rub\u00e9n Quezada presenta al Jefe de la Oficina Regional de la Superintendencia de Medio Ambiente"},"content":{"rendered":"<p>Se trata del abogado Gonzalo Parot quien, anteriormente, se desempe\u00f1\u00f3 como instructor de procedimientos de sanci\u00f3n de esta superintendencia.<\/p>\n<p>Hace algunos d\u00edas asumi\u00f3 en la oficina regional de la Superintendencia de Medio Ambiente, Gonzalo Parot.<\/p>\n<p>Funcionario que fue presentado oficialmente por el Delegado Presidencial Rub\u00e9n Quezada y que estar\u00e1 enfocado en fortalecer el trabajo de la instituci\u00f3n en la regi\u00f3n, siendo una de sus primeras labores monitorear la situaci\u00f3n ambiental en el Valle Alto de Salamanca.<\/p>\n<p>Al respecto, el Delegado Quezada dijo que \u201cse ha sumado al trabajo y al esfuerzo, de acuerdo a lo conversado con las comunidades de Valle Alto en Salamanca. Tener un Jefe Regional nos permite avanzar en muchos de los compromisos que hemos generado con las comunidades\u201d.<\/p>\n<p>Y es que fueron m\u00faltiples las demandas que manifestaron las comunidades del Valle Alto durante el conflicto con Minera Los Pelambres: apoyo productivo, espacios p\u00fablicos, salud, entre otras que fueron progresivamente consolid\u00e1ndose en acuerdos entre las partes.<\/p>\n<p>En medio de este escenario, los vecinos y vecinas tambi\u00e9n solicitaron mayor capacidad fiscalizadora de la institucionalidad ambiental, un compromiso que adopt\u00f3 el Delegado Presidencial Rub\u00e9n Quezada, quien, en medio de dicho conflicto, actu\u00f3 como intermediario entre las partes.<\/p>\n<p>Tras su primera reuni\u00f3n de trabajo con el Delegado Presidencial, Gonzalo Parot se\u00f1al\u00f3 que \u201cesto representa un gran desaf\u00edo. Queremos que sepan que el Valle de Choapa est\u00e1 dentro de nuestras prioridades y vamos a poner todo el empe\u00f1o, todo el esfuerzo, en proteger el medio ambiente y en preocuparnos de las comunidades de ese sector\u201d.<\/p>\n<p>Parot es abogado de la Universidad de Chile, tiene un m\u00e1ster en Derecho Ambiental de la Universidad de California en Berkeley y anteriormente se desempe\u00f1\u00f3 como instructor de procedimientos de sanci\u00f3n de la Superintendencia de Medioambiente.<\/p>\n","protected":false},"excerpt":{"rendered":"<p>Se trata del abogado Gonzalo Parot quien, anteriormente, se desempe\u00f1\u00f3 como instructor de procedimientos de sanci\u00f3n de esta superintendencia. Hace algunos d\u00edas asumi\u00f3 en la oficina regional de la Superintendencia de Medio Ambiente, Gonzalo Parot. Funcionario que fue presentado oficialmente por el Delegado Presidencial Rub\u00e9n Quezada y que estar\u00e1 enfocado<\/p>\n","protected":false},"author":1,"featured_media":1303,"comment_status":"closed","ping_status":"open","sticky":false,"template":"","format":"standard","meta":{"footnotes":""},"categories":[36,38],"tags":[],"class_list":["post-1302","post","type-post","status-publish","format-standard","has-post-thumbnail","hentry","category-dppcoquimbo","category-seremia-medio-ambiente"],"_links":{"self":[{"href":"https:\/\/minutaregional.cl\/index.php?rest_route=\/wp\/v2\/posts\/1302","targetHints":{"allow":["GET"]}}],"collection":[{"href":"https:\/\/minutaregional.cl\/index.php?rest_route=\/wp\/v2\/posts"}],"about":[{"href":"https:\/\/minutaregional.cl\/index.php?rest_route=\/wp\/v2\/types\/post"}],"author":[{"embeddable":true,"href":"https:\/\/minutaregional.cl\/index.php?rest_route=\/wp\/v2\/users\/1"}],"replies":[{"embeddable":true,"href":"https:\/\/minutaregional.cl\/index.php?rest_route=%2Fwp%2Fv2%2Fcomments&post=1302"}],"version-history":[{"count":1,"href":"https:\/\/minutaregional.cl\/index.php?rest_route=\/wp\/v2\/posts\/1302\/revisions"}],"predecessor-version":[{"id":1304,"href":"https:\/\/minutaregional.cl\/index.php?rest_route=\/wp\/v2\/posts\/1302\/revisions\/1304"}],"wp:featuredmedia":[{"embeddable":true,"href":"https:\/\/minutaregional.cl\/index.php?rest_route=\/wp\/v2\/media\/1303"}],"wp:attachment":[{"href":"https:\/\/minutaregional.cl\/index.php?rest_route=%2Fwp%2Fv2%2Fmedia&parent=1302"}],"wp:term":[{"taxonomy":"category","embeddable":true,"href":"https:\/\/minutaregional.cl\/index.php?rest_route=%2Fwp%2Fv2%2Fcategories&post=1302"},{"taxonomy":"post_tag","embeddable":true,"href":"https:\/\/minutaregional.cl\/index.php?rest_route=%2Fwp%2Fv2%2Ftags&post=1302"}],"curies":[{"name":"wp","href":"https:\/\/api.w.org\/{rel}","templated":true}]}}