{"id":1296,"date":"2022-08-02T21:01:36","date_gmt":"2022-08-02T21:01:36","guid":{"rendered":"https:\/\/minutaregional.cl\/?p=1296"},"modified":"2022-08-02T21:01:36","modified_gmt":"2022-08-02T21:01:36","slug":"seremi-de-las-culturas-presenta-plan-de-reactivacion-de-proyecto-teatro-regional-ante-consejeros-regionales","status":"publish","type":"post","link":"https:\/\/minutaregional.cl\/?p=1296","title":{"rendered":"Seremi de Las Culturas presenta plan de reactivaci\u00f3n de proyecto Teatro Regional ante Consejeros Regionales"},"content":{"rendered":"<p>Durante la \u00faltima sesi\u00f3n de la comisi\u00f3n de Educaci\u00f3n y Cultura del cuerpo colegiado, el Seremi Cedric Steinlen confirm\u00f3 la ubicaci\u00f3n de esta esperada obra en el sector Espejo de Agua de La Serena y detall\u00f3 paso por paso el proceso que considera inicio de obras para 2025.<\/p>\n<p>Tras un requerimiento de informaci\u00f3n realizado por el Consejo Regional seg\u00fan acuerdo, el SEREMI de Las Culturas, las Artes y el Patrimonio, Cedric Steinlen, particip\u00f3 de la comisi\u00f3n de Educaci\u00f3n y Cultura con el fin de entregar antecedentes actualizados respecto del proyecto de Teatro Regional.<\/p>\n<p>Una iniciativa que data de 2008 y que el seremi busca reactivar. Para esto, el seremi inform\u00f3 al cuerpo colegiado de reuniones con Bienes Nacionales, en la que se confirm\u00f3 el terreno del sector Espejo de Agua de La Serena para esta obra; con el Seremi de Desarrollo Social y Familia quien comprometi\u00f3 apoyo para reactivaci\u00f3n del proyecto y cumplimiento del RS (Recomendaci\u00f3n Satisfactoria); mientras que la Direcci\u00f3n de Arquitectura del MOP se mostr\u00f3 disponible para ser la unidad t\u00e9cnica del proyecto.<\/p>\n<p>Adem\u00e1s, la autoridad regional de cultura inform\u00f3 de la reuni\u00f3n entre la Subsecretaria de las Culturas y las Artes, Andrea Guti\u00e9rrez, y la gobernadora Krist Naranjo, quien tambi\u00e9n habr\u00eda manifestado su disposici\u00f3n a avanzar en el proyecto. Adem\u00e1s se solicit\u00f3 apoyo financiero a SUBDERE para financiar consultor\u00eda que apoye la renovaci\u00f3n del RS.<\/p>\n<p>Como detall\u00f3 el seremi, \u201ccomo SEREMi estamos muy comprometidos a reactivar el teatro regional, para lo que primero se debe formular el proyecto para obtener la RS que se perdi\u00f3 en alg\u00fan momento en el 2020 y, luego, iniciar el estudio de prefactibilidad. Con este estudio en mano, que contempla temas relacionados con el redise\u00f1o del proyecto original y un an\u00e1lisis del proyecto de gesti\u00f3n, podr\u00edamos avanzar en la ejecuci\u00f3n del proyecto\u201d.<\/p>\n<p>Un proceso en el que el SEREMI destaca como fundamental el apoyo del Gobierno Regional y los consejeros regionales, considerando el requerimiento de financiamiento por parte de recursos regionales y de la entidad del Estado.<\/p>\n<p>Justamente, para el estudio de prefactibilidad requerido se solicitar\u00e1 apoyo de recursos regionales, con el fin de revisar y actualizar la informaci\u00f3n que sustenta el dise\u00f1o, viendo la demanda y oferta cultural, el programa arquitect\u00f3nico y superficies, adem\u00e1s de proponer un modelo de gesti\u00f3n que indique los costos de operaci\u00f3n y mantenci\u00f3n, se\u00f1alando alternativas y una propuesta concreta para su administraci\u00f3n.<\/p>\n<p>Apoyo de la Comisi\u00f3n de Educaci\u00f3n y Cultura<\/p>\n<p>Tras la presentaci\u00f3n, la presidenta de la comisi\u00f3n y consejera por Limar\u00ed, Tatiana Cort\u00e9s dijo que \u201ctenemos la convicci\u00f3n de que esta regi\u00f3n, tal vez m\u00e1s que un teatro, necesita un centro cultural que est\u00e9 a la altura de lo que requieren estos tiempos y nuestros artistas y gestores culturales, que hoy desarrollan sus actividades de forma dispersa. Adem\u00e1s, La Serena es una ubicaci\u00f3n estrat\u00e9gica por ser un sector tur\u00edstico, mientras que el sector de la cultura y las artes suele ser una actividad muy rezagada en materia econ\u00f3mica, por lo que necesitamos apoyar su reactivaci\u00f3n\u201d.<\/p>\n<p>Posturas favorables y sentidas respecto a esta iniciativa. Como la del consejero Lombardo Toledo, quien se\u00f1al\u00f3 que \u201cesta regi\u00f3n, tierra de Gabriela mistral y de tantas personalidades de la cultura, deber\u00eda ya tener un teatro regional y otro tipo de infraestructura y equipamiento, por el talento y por la historia de su gente. Lamentablemente estamos en una situaci\u00f3n estructural en que estos espacios se han demorado en construirse y, mi propuesta, es que se imponga una mirada integral del Ministerio de Las Culturas, de Monumentos nacionales, de los gobiernos locales y el Gobierno regional para elevar a la capital regional como \u00edcono de un pasado y un futuro esplendoroso\u201d.<\/p>\n<p>Por su parte, el consejero por Choapa, y vicepresidente de la comisi\u00f3n de Educaci\u00f3n y Cultura, Juan Barraza, relev\u00f3 la necesidad de generar, adem\u00e1s, nuevos espacios culturales en las dem\u00e1s provincias, por ejemplo, en Salamanca.<\/p>\n<p>\u201cEste es un proyecto de 2008 y estamos a 2022 sin tener avances. Adem\u00e1s, como le plante\u00e9 al SEREMI, como provincia del Choapa y particularmente en Salamanca llevamos 8 a\u00f1os sin un centro cultural, por lo que algunos colegas difieren un poco de la ubicaci\u00f3n de este teatro regional en la Serena. Sin embargo, yo creo que lo vamos a respaldar, los centros culturales y teatros son necesarios, sobre todo en una regi\u00f3n como la nuestra que es tur\u00edstica<\/p>\n<p>&nbsp;<\/p>\n","protected":false},"excerpt":{"rendered":"<p>Durante la \u00faltima sesi\u00f3n de la comisi\u00f3n de Educaci\u00f3n y Cultura del cuerpo colegiado, el Seremi Cedric Steinlen confirm\u00f3 la ubicaci\u00f3n de esta esperada obra en el sector Espejo de Agua de La Serena y detall\u00f3 paso por paso el proceso que considera inicio de obras para 2025. Tras un<\/p>\n","protected":false},"author":1,"featured_media":1297,"comment_status":"closed","ping_status":"open","sticky":false,"template":"","format":"standard","meta":{"footnotes":""},"categories":[19,16],"tags":[],"class_list":["post-1296","post","type-post","status-publish","format-standard","has-post-thumbnail","hentry","category-corecoquimbo","category-seremi-de-cultura"],"_links":{"self":[{"href":"https:\/\/minutaregional.cl\/index.php?rest_route=\/wp\/v2\/posts\/1296","targetHints":{"allow":["GET"]}}],"collection":[{"href":"https:\/\/minutaregional.cl\/index.php?rest_route=\/wp\/v2\/posts"}],"about":[{"href":"https:\/\/minutaregional.cl\/index.php?rest_route=\/wp\/v2\/types\/post"}],"author":[{"embeddable":true,"href":"https:\/\/minutaregional.cl\/index.php?rest_route=\/wp\/v2\/users\/1"}],"replies":[{"embeddable":true,"href":"https:\/\/minutaregional.cl\/index.php?rest_route=%2Fwp%2Fv2%2Fcomments&post=1296"}],"version-history":[{"count":1,"href":"https:\/\/minutaregional.cl\/index.php?rest_route=\/wp\/v2\/posts\/1296\/revisions"}],"predecessor-version":[{"id":1298,"href":"https:\/\/minutaregional.cl\/index.php?rest_route=\/wp\/v2\/posts\/1296\/revisions\/1298"}],"wp:featuredmedia":[{"embeddable":true,"href":"https:\/\/minutaregional.cl\/index.php?rest_route=\/wp\/v2\/media\/1297"}],"wp:attachment":[{"href":"https:\/\/minutaregional.cl\/index.php?rest_route=%2Fwp%2Fv2%2Fmedia&parent=1296"}],"wp:term":[{"taxonomy":"category","embeddable":true,"href":"https:\/\/minutaregional.cl\/index.php?rest_route=%2Fwp%2Fv2%2Fcategories&post=1296"},{"taxonomy":"post_tag","embeddable":true,"href":"https:\/\/minutaregional.cl\/index.php?rest_route=%2Fwp%2Fv2%2Ftags&post=1296"}],"curies":[{"name":"wp","href":"https:\/\/api.w.org\/{rel}","templated":true}]}}