{"id":1285,"date":"2022-08-02T00:47:13","date_gmt":"2022-08-02T00:47:13","guid":{"rendered":"https:\/\/minutaregional.cl\/?p=1285"},"modified":"2022-08-02T00:47:13","modified_gmt":"2022-08-02T00:47:13","slug":"con-exito-se-realizo-final-regional-de-natacion-de-los-juegos-deportivos-escolares","status":"publish","type":"post","link":"https:\/\/minutaregional.cl\/?p=1285","title":{"rendered":"Con \u00e9xito  se realiz\u00f3 final regional de nataci\u00f3n de los Juegos  Deportivos Escolares."},"content":{"rendered":"<p>Casi un centenar de nadadores \u00a0participaron en la competencia, \u00a0en la que tambi\u00e9n compiti\u00f3 una delegaci\u00f3n de \u00a0escolares, \u00a0de la regi\u00f3n de Atacama, buscando la clasificaci\u00f3n a la Final\u00a0Nacional.<\/p>\n<p>La piscina del \u00a0Cendyr de La Serena, fue el escenario de la primera final regional de los Juegos Deportivos Escolares, \u00a0correspondiente a la versi\u00f3n 2022, los que son convocados por el Ministerio del Deporte y ejecutado por el Instituto Nacional de Deportes,\u00a0 evento deportivo que congreg\u00f3 a casi un centenar de nadadores, damas y varones, \u00a0de las categor\u00edas sub 14 y juvenil, representando a distintas escuelas y colegios de la regi\u00f3n, competencia que se desarroll\u00f3 en \u00a0diecinueve series, \u00a0tras medirse en 50, 100, 200 y 400 metros estilo mariposa, espalda, pecho, libre y combinados, en la oportunidad particip\u00f3 una delegaci\u00f3n \u00a0de nadadores \u00a0y nadadoras \u00a0de la regi\u00f3n de Atacama, quienes tambi\u00e9n buscaban clasificar al evento nacional.<\/p>\n<p>En relaci\u00f3n a lo significativo del torno el Director Regional del Instituto Nacional de Deportes, Jonathan Pino Naranjo, \u00a0se\u00f1al\u00f3:\u00a0\u201cdamos inicio a las actividades \u00a0de los Juegos Deportivos Escolares, hoy comienza el regional de nataci\u00f3n, una de las tantas disciplinas que tendr\u00e1 final \u00fanica, \u00a0este es el inicio, \u00a0en los pr\u00f3ximos meses de agosto y septiembre \u00a0vamos a tener las finales regionales de otras disciplinas, tambi\u00e9n descentralizando, \u00a0aprovechando la infraestructura disponible, \u00a0en Ovalle y en la provincia del Choapa, acercando tambi\u00e9n las competencias deportivas a los escolares de la regi\u00f3n, \u00a0que finalmente van a representar \u00a0al equipo regional, \u00a0en las finales nacionales\u201d.<\/p>\n<p>Por su parte, \u00a0el Seremi del Deporte Fernando Medina Vergara, agreg\u00f3:\u00a0\u201cqueremos destacar, \u00a0el retorno a las actividades deportivas presenciales, es una \u00a0fecha muy especial, para este campeonato de nataci\u00f3n, estoy contento por este retorno, con muchos deportistas que han llegado a competir, a este evento presencial, estamos cumpliendo con todas las normativas, en todo lo que el sistema y Seremia \u00a0de Salud exige, por tanto creemos que vamos a lograr \u00a0un buen cometido en esta competencia\u201d.<\/p>\n<p>En tanto Emilia Pizarro, \u00a0categor\u00eda sub 14, del colegio German Riesco de La Serena, dijo:\u00a0\u00abestoy muy feliz, \u00a0de haber ganado en las pruebas que\u00a0compet\u00ed, en esta etapa regional \u00a0y de haber hecho las marcas, tengo la esperanza de clasificar, espero que \u00a0mis compa\u00f1eros tambi\u00e9n puedan clasificar \u00a0e ir a la etapa nacional\u201d. \u00a0Por su parte, \u00a0Isaac Herrera, sub 14 (Col T\u00e9c Marta Brunet), agreg\u00f3: \u201c fue un bonita experiencia, haber clasificado a los Juegos Escolares, fue dif\u00edcil pero se pudo, nade 50, 100 libre, 50 mariposa y combinados, para esto llevo entrenando \u00a0a\u00f1os, por tema de pandemia , no pude nadar los dos a\u00f1os anteriores y este es mi \u00faltimo a\u00f1o de escolar\u201d.<\/p>\n<p>Para \u00e9ste mes de agosto y el mes \u00a0pr\u00f3ximo de septiembre, se realizar\u00e1n competencias que en distintas etapas y en diferentes disciplinas, las \u00a0ya se encuentran programadas en escenarios deportivos de distintos escenarios deportivos, entre ello: Coquimbo, \u00a0La Serena, \u00a0Ovalle, \u00a0Canela e Illapel y las disciplinas disponibles para disputar las distintas finales \u00a0de \u00a0la categor\u00eda sub-14 masculina y femenina, ser\u00edan: \u00a0ajedrez, atletismo, atletismo, balonmano, b\u00e1squetbol, ciclismo, f\u00fatbol, futsal, judo, \u00a0taekwondo, tenis de mesa y v\u00f3leibol.<\/p>\n<p>Hay que recordar\u00a0que en el\u00a0 selectivo de nataci\u00f3n clasifican a la final nacional, aquellos deportistas que cumplan con las marcas m\u00ednimas exigidas por las bases administrativas de los Juegos Escolares. Los principales resultados fueron:<\/p>\n<p>Primeros lugares: Mauricio Cort\u00e9s, 50 mts, \u00a0libre Colegio H\u00e9roes de la Concepci\u00f3n (26\u00b488); Leonor L\u00f3pez 50 mts libre Colegio del Alba (38\u00a849); Mauricio Cort\u00e9s \u00a0200 mts. Colegio H\u00e9roes \u00a0de la Concepci\u00f3n (2:27,80); Mar\u00eda Paz Herrera Colegio \u00a0Trinity School \u00a0200 mts \u00a0 (3:03,74); Agust\u00edn Contreras \u00a0Colegio Sagrados Corazones 400 mts. estilo libre (6:15,25); Ariadna Ram\u00edrez Colegio Ger\u00f3nimo Rendic \u00a0400 mts libre \u00a0(5: 59,41); Mauricio Cort\u00e9s Colegio H\u00e9roes de la Concepci\u00f3n 100 mts mariposa \u00a0(1:05,63); Martin Caballero Colegio Ingl\u00e9s Cat\u00f3lico 100 mts, mariposa (1:14,84); Emilia Pizarro \u00a0Colegio German Riesco 100 metro mariposa (1:33,63); Agust\u00edn Contreras Colegio Sagrados Corazones 100 mts pecho \u00a0(1:45,90); Renato Chac\u00f3n Colegio Sagrados Corazones \u00a0100 mts pecho (1:48,36); Francisco \u00c1lvarez \u00a0Esc, Ind. Salesiana San Ram\u00f3n 100 mts. \u00a0espalda \u00a0(1:20,31); Mar\u00eda Paz Herrera Colegio Trinity School 100 \u00a0espalda (1:22,76); Mauricio Cort\u00e9s \u00a0Colegio H\u00e9roes de la Concepci\u00f3n 100 mts, libre (59,30); Leonor L\u00f3pez Colegio del Alba Pe\u00f1uelas \u00a0100 mts, libre (1:27,17); Isaac Herrera \u00a0(Colegio Marta Brunet \u00a050 mts, mariposa(36,31); Emilia Pizarro Colegio Germ\u00e1n Riesco \u00a050 mts mariposa (38, 58); Agust\u00edn Troncoso \u00a0Colegio \u00a0Amalia Err\u00e1zuriz 50 mts pecho \u00a0(44,41); Javier Mart\u00ednez Colegio Francis School 50 mts, espalda (42,85); Mar\u00eda Paz Herrera Colegio Trinity School 50 mts espalda (37,35); Mar\u00eda Paz Herrera Colegio Trinity School 50 mts pecho (1:37,54);<\/p>\n<p>&nbsp;<\/p>\n<p>&nbsp;<\/p>\n<p>&nbsp;<\/p>\n","protected":false},"excerpt":{"rendered":"<p>Casi un centenar de nadadores \u00a0participaron en la competencia, \u00a0en la que tambi\u00e9n compiti\u00f3 una delegaci\u00f3n de \u00a0escolares, \u00a0de la regi\u00f3n de Atacama, buscando la clasificaci\u00f3n a la Final\u00a0Nacional. La piscina del \u00a0Cendyr de La Serena, fue el escenario de la primera final regional de los Juegos Deportivos Escolares, \u00a0correspondiente<\/p>\n","protected":false},"author":1,"featured_media":1287,"comment_status":"closed","ping_status":"open","sticky":false,"template":"","format":"standard","meta":{"footnotes":""},"categories":[37,1],"tags":[],"class_list":["post-1285","post","type-post","status-publish","format-standard","has-post-thumbnail","hentry","category-ind-coquimbo","category-noticias-regionales"],"_links":{"self":[{"href":"https:\/\/minutaregional.cl\/index.php?rest_route=\/wp\/v2\/posts\/1285","targetHints":{"allow":["GET"]}}],"collection":[{"href":"https:\/\/minutaregional.cl\/index.php?rest_route=\/wp\/v2\/posts"}],"about":[{"href":"https:\/\/minutaregional.cl\/index.php?rest_route=\/wp\/v2\/types\/post"}],"author":[{"embeddable":true,"href":"https:\/\/minutaregional.cl\/index.php?rest_route=\/wp\/v2\/users\/1"}],"replies":[{"embeddable":true,"href":"https:\/\/minutaregional.cl\/index.php?rest_route=%2Fwp%2Fv2%2Fcomments&post=1285"}],"version-history":[{"count":1,"href":"https:\/\/minutaregional.cl\/index.php?rest_route=\/wp\/v2\/posts\/1285\/revisions"}],"predecessor-version":[{"id":1288,"href":"https:\/\/minutaregional.cl\/index.php?rest_route=\/wp\/v2\/posts\/1285\/revisions\/1288"}],"wp:featuredmedia":[{"embeddable":true,"href":"https:\/\/minutaregional.cl\/index.php?rest_route=\/wp\/v2\/media\/1287"}],"wp:attachment":[{"href":"https:\/\/minutaregional.cl\/index.php?rest_route=%2Fwp%2Fv2%2Fmedia&parent=1285"}],"wp:term":[{"taxonomy":"category","embeddable":true,"href":"https:\/\/minutaregional.cl\/index.php?rest_route=%2Fwp%2Fv2%2Fcategories&post=1285"},{"taxonomy":"post_tag","embeddable":true,"href":"https:\/\/minutaregional.cl\/index.php?rest_route=%2Fwp%2Fv2%2Ftags&post=1285"}],"curies":[{"name":"wp","href":"https:\/\/api.w.org\/{rel}","templated":true}]}}