{"id":1282,"date":"2022-08-01T23:53:00","date_gmt":"2022-08-01T23:53:00","guid":{"rendered":"https:\/\/minutaregional.cl\/?p=1282"},"modified":"2022-08-01T23:53:00","modified_gmt":"2022-08-01T23:53:00","slug":"chao-dicom-sera-votado-por-la-sala-de-la-camara-de-diputados","status":"publish","type":"post","link":"https:\/\/minutaregional.cl\/?p=1282","title":{"rendered":"\u00abChao Dicom\u201d ser\u00e1 votado por la sala de la C\u00e1mara de Diputados"},"content":{"rendered":"<p>Martes 2 de agosto. Sesi\u00f3n de 10:00 a 14:00 horas.<\/p>\n<p>El proyecto de ley, presentado por el diputado Manouchehri, contempla la prohibici\u00f3n de comunicar los datos de deudas que se hayan hecho exigibles antes del 31 de mayo de 2022 y se encuentren vencidas; siempre que el total de las obligaciones del titular sea inferior a $2.500.000. Establece sanciones de hasta 130 millones de pesos (2.250 UTM) en caso de incumplir con lo dispuesto.<\/p>\n<p>&nbsp;<\/p>\n<p>&nbsp;<\/p>\n","protected":false},"excerpt":{"rendered":"<p>Martes 2 de agosto. Sesi\u00f3n de 10:00 a 14:00 horas. El proyecto de ley, presentado por el diputado Manouchehri, contempla la prohibici\u00f3n de comunicar los datos de deudas que se hayan hecho exigibles antes del 31 de mayo de 2022 y se encuentren vencidas; siempre que el total de las<\/p>\n","protected":false},"author":1,"featured_media":1283,"comment_status":"closed","ping_status":"open","sticky":false,"template":"","format":"standard","meta":{"footnotes":""},"categories":[26],"tags":[],"class_list":["post-1282","post","type-post","status-publish","format-standard","has-post-thumbnail","hentry","category-camara-de-diputadas-y-diputados"],"_links":{"self":[{"href":"https:\/\/minutaregional.cl\/index.php?rest_route=\/wp\/v2\/posts\/1282","targetHints":{"allow":["GET"]}}],"collection":[{"href":"https:\/\/minutaregional.cl\/index.php?rest_route=\/wp\/v2\/posts"}],"about":[{"href":"https:\/\/minutaregional.cl\/index.php?rest_route=\/wp\/v2\/types\/post"}],"author":[{"embeddable":true,"href":"https:\/\/minutaregional.cl\/index.php?rest_route=\/wp\/v2\/users\/1"}],"replies":[{"embeddable":true,"href":"https:\/\/minutaregional.cl\/index.php?rest_route=%2Fwp%2Fv2%2Fcomments&post=1282"}],"version-history":[{"count":1,"href":"https:\/\/minutaregional.cl\/index.php?rest_route=\/wp\/v2\/posts\/1282\/revisions"}],"predecessor-version":[{"id":1284,"href":"https:\/\/minutaregional.cl\/index.php?rest_route=\/wp\/v2\/posts\/1282\/revisions\/1284"}],"wp:featuredmedia":[{"embeddable":true,"href":"https:\/\/minutaregional.cl\/index.php?rest_route=\/wp\/v2\/media\/1283"}],"wp:attachment":[{"href":"https:\/\/minutaregional.cl\/index.php?rest_route=%2Fwp%2Fv2%2Fmedia&parent=1282"}],"wp:term":[{"taxonomy":"category","embeddable":true,"href":"https:\/\/minutaregional.cl\/index.php?rest_route=%2Fwp%2Fv2%2Fcategories&post=1282"},{"taxonomy":"post_tag","embeddable":true,"href":"https:\/\/minutaregional.cl\/index.php?rest_route=%2Fwp%2Fv2%2Ftags&post=1282"}],"curies":[{"name":"wp","href":"https:\/\/api.w.org\/{rel}","templated":true}]}}