{"id":1279,"date":"2022-08-01T22:20:14","date_gmt":"2022-08-01T22:20:14","guid":{"rendered":"https:\/\/minutaregional.cl\/?p=1279"},"modified":"2022-08-01T22:20:14","modified_gmt":"2022-08-01T22:20:14","slug":"comienza-proceso-de-recuperacion-de-espacios-publicos-en-la-serena-y-coquimbo","status":"publish","type":"post","link":"https:\/\/minutaregional.cl\/?p=1279","title":{"rendered":"Comienza proceso de recuperaci\u00f3n de espacios p\u00fablicos en La Serena y Coquimbo"},"content":{"rendered":"<p>Durante este mes, a trav\u00e9s de una coordinaci\u00f3n entre Gobierno, los municipios, las polic\u00edas y diversos servicios, se realizar\u00e1n intervenciones para liberar estos espacios y brindar mayor seguridad en las zonas c\u00e9ntricas.<\/p>\n<p>Este lunes, el Delegado Presidencial Rub\u00e9n Quezada lider\u00f3 una reuni\u00f3n crucial dentro de la planificaci\u00f3n para recuperar los espacios p\u00fablicos del centro de La Serena y Coquimbo.<\/p>\n<p>Y es que, como ha puesto \u00e9nfasis, la recuperaci\u00f3n es uno de los ejes del Plan Nacional de Seguridad que ha elaborado el Gobierno del Presidente Gabriel Boric. En este sentido, la autoridad regional anunci\u00f3 que durante este mes entrar\u00e1 en marcha el proceso de intervenci\u00f3n en estas zonas.<\/p>\n<p>\u201cHay situaciones que se dan muchas veces en los centros de la ciudad y que los alcaldes nos han mostrado con mucha fortaleza. Es por eso que podemos anunciar que hemos iniciado el proceso de recuperaci\u00f3n del espacio p\u00fablico. Durante este mes de agosto habr\u00e1 una serie de intervenciones para ir liberando el espacio y entregarle a los ciudadanos y ciudadanas el centro de sus ciudades para que est\u00e9n tranquilos y en paz\u201d, indic\u00f3 el Delegado Quezada.<\/p>\n<p>La idea es ir generando las condiciones para tener ciudades ordenadas, remarc\u00f3 el Delegado, agregando que se trata de una estrategia que responde a un trabajo colaborativo entre el Gobierno, servicios p\u00fablicos como las seremis de Econom\u00eda, Trabajo, Servicio de Impuestos Internos, Aduana, Carabineros, la Polic\u00eda de Investigaciones y los municipios de La Serena y Coquimbo.<\/p>\n<p>El Alcalde de Coquimbo, Al\u00ed Manouchehri destac\u00f3 el compromiso de Gobierno y el trabajo impulsado por el Delegado Presidencial.<\/p>\n<p>Al respecto, enfatiz\u00f3 que \u201cintervenir el centro de Coquimbo es algo muy esperado, la gente lo quiere, lo necesita y de la manera que se est\u00e1 haciendo, con planificaci\u00f3n y organizaci\u00f3n y distintas instituciones involucradas, no tengo duda que tendr\u00e1 \u00e9xito. La voluntad de la municipalidad va a estar en generar espacio para los que quieran aceptarlo, para los que no quieran, lamentablemente, ese espacio no est\u00e1 destinado para el comercio ilegal\u201d.<\/p>\n<p>En tanto, el Alcalde de La Serena, Roberto Jacob, puntualiz\u00f3 que \u201ceste mes de agosto ser\u00e1 decisivo para limpiar la ciudad y ponerla a disposici\u00f3n de los ciudadanos (\u2026) debemos recuperarlo para la mayor\u00eda de los ciudadanos. Se han ofrecido espacios y se seguir\u00e1 trabajando con ellos. Nosotros no tendremos ning\u00fan inconveniente en que el que se quiera formalizar lo pueda hacer y le ofreceremos toda nuestra ayuda, pero no pueden seguir en el casco hist\u00f3rico\u201d.<\/p>\n<p>De esta manera, explic\u00f3 el edil, la liberaci\u00f3n de espacios permitir\u00e1 mejorar la movilizad en el centro, sobre todo para los adultos mayores, las personas en situaci\u00f3n de discapacidad y responder con mayor eficacia ante emergencias de ambulancias, Carabineros o Bomberos.<\/p>\n","protected":false},"excerpt":{"rendered":"<p>Durante este mes, a trav\u00e9s de una coordinaci\u00f3n entre Gobierno, los municipios, las polic\u00edas y diversos servicios, se realizar\u00e1n intervenciones para liberar estos espacios y brindar mayor seguridad en las zonas c\u00e9ntricas. Este lunes, el Delegado Presidencial Rub\u00e9n Quezada lider\u00f3 una reuni\u00f3n crucial dentro de la planificaci\u00f3n para recuperar los<\/p>\n","protected":false},"author":1,"featured_media":1280,"comment_status":"closed","ping_status":"open","sticky":false,"template":"","format":"standard","meta":{"footnotes":""},"categories":[36],"tags":[],"class_list":["post-1279","post","type-post","status-publish","format-standard","has-post-thumbnail","hentry","category-dppcoquimbo"],"_links":{"self":[{"href":"https:\/\/minutaregional.cl\/index.php?rest_route=\/wp\/v2\/posts\/1279","targetHints":{"allow":["GET"]}}],"collection":[{"href":"https:\/\/minutaregional.cl\/index.php?rest_route=\/wp\/v2\/posts"}],"about":[{"href":"https:\/\/minutaregional.cl\/index.php?rest_route=\/wp\/v2\/types\/post"}],"author":[{"embeddable":true,"href":"https:\/\/minutaregional.cl\/index.php?rest_route=\/wp\/v2\/users\/1"}],"replies":[{"embeddable":true,"href":"https:\/\/minutaregional.cl\/index.php?rest_route=%2Fwp%2Fv2%2Fcomments&post=1279"}],"version-history":[{"count":1,"href":"https:\/\/minutaregional.cl\/index.php?rest_route=\/wp\/v2\/posts\/1279\/revisions"}],"predecessor-version":[{"id":1281,"href":"https:\/\/minutaregional.cl\/index.php?rest_route=\/wp\/v2\/posts\/1279\/revisions\/1281"}],"wp:featuredmedia":[{"embeddable":true,"href":"https:\/\/minutaregional.cl\/index.php?rest_route=\/wp\/v2\/media\/1280"}],"wp:attachment":[{"href":"https:\/\/minutaregional.cl\/index.php?rest_route=%2Fwp%2Fv2%2Fmedia&parent=1279"}],"wp:term":[{"taxonomy":"category","embeddable":true,"href":"https:\/\/minutaregional.cl\/index.php?rest_route=%2Fwp%2Fv2%2Fcategories&post=1279"},{"taxonomy":"post_tag","embeddable":true,"href":"https:\/\/minutaregional.cl\/index.php?rest_route=%2Fwp%2Fv2%2Ftags&post=1279"}],"curies":[{"name":"wp","href":"https:\/\/api.w.org\/{rel}","templated":true}]}}