{"id":1276,"date":"2022-08-01T22:00:35","date_gmt":"2022-08-01T22:00:35","guid":{"rendered":"https:\/\/minutaregional.cl\/?p=1276"},"modified":"2022-08-01T22:00:35","modified_gmt":"2022-08-01T22:00:35","slug":"llaman-a-estudiantes-y-egresados-a-inscribirse-a-la-nueva-prueba-de-acceso-a-la-educacion-superior-paes","status":"publish","type":"post","link":"https:\/\/minutaregional.cl\/?p=1276","title":{"rendered":"Llaman a estudiantes y egresados a inscribirse a la nueva Prueba de Acceso a la Educaci\u00f3n Superior (PAES)"},"content":{"rendered":"<p>Hasta el 10 de agosto, a las 13:00 horas, estar\u00e1 habilitada la inscripci\u00f3n a la nueva Prueba de Acceso a la Educaci\u00f3n Superior (PAES) en la plataforma web acceso.mineduc.cl. Este proceso, iniciado el mi\u00e9rcoles 29 de junio, no tendr\u00e1 un per\u00edodo extraordinario de inscripci\u00f3n. Por lo tanto, es importante que quienes est\u00e9n interesados en postular a alguna de las 45 universidades adscritas al Sistema de Acceso, participen del Proceso de Admisi\u00f3n 2023 y se inscriban antes de que cierre el plazo.<\/p>\n<p>Hasta el 26 de julio, se encuentran inscritos 3.703 estudiantes de la Regi\u00f3n de Coquimbo para rendir la Prueba PAES, con un avance de 27,83%, de un total de 13.308 estudiantes de cuarto a\u00f1o medio.<\/p>\n<p>La Seremi de Educaci\u00f3n, Cecilia Ram\u00edrez Ch\u00e1vez manifest\u00f3 que \u201ccomo Secretar\u00eda Ministerial de Educaci\u00f3n hacemos un llamado a todas y todos los estudiantes que actualmente est\u00e9n cursando 4\u00b0 a\u00f1o medio y aquellas personas egresadas de ense\u00f1anza media, para que puedan efectuar a la brevedad la inscripci\u00f3n a la Prueba de Acceso a la Educaci\u00f3n Superior (PAES) ya que el plazo para esta inscripci\u00f3n vence el pr\u00f3ximo mi\u00e9rcoles 10 de agosto a las 13.00 horas. Es importante esta inscripci\u00f3n para todas y todos quienes postular\u00e1n a las instituciones de educaci\u00f3n superior el pr\u00f3ximo a\u00f1o acad\u00e9mico 2023. Debemos destacar adem\u00e1s, que existe la Beca PAES, que exime del pago de arancel a los estudiantes que actualmente est\u00e9n matriculados en establecimientos municipales, de Servicios Locales de Educaci\u00f3n, particulares subvencionados y de administraci\u00f3n delegada. Este beneficio tambi\u00e9n est\u00e1 disponible para un grupo de estudiantes de colegios particulares pagados que pertenezcan al 60% m\u00e1s vulnerable, seg\u00fan la calificaci\u00f3n socioecon\u00f3mica del Registro Social de Hogares del Ministerio de Desarrollo Social y Familia\u201d.<\/p>\n<p>La subsecretaria de Educaci\u00f3n Superior, Ver\u00f3nica Figueroa Huencho, dice que \u201cqueremos que el acceso a la educaci\u00f3n superior sea m\u00e1s equitativo y justo, que ponga al centro a las y los postulantes, reconociendo la diversidad de talentos a lo largo de Chile. Es por ello que en el sitio web acceso.mineduc.cl encontrar\u00e1n material descargable con informaci\u00f3n de todos los cambios del proceso de admisi\u00f3n centralizada a las universidades. Esperamos que tras el retorno de las vacaciones haya un aumento en las inscripciones a la PAES\u201d.<\/p>\n<p>Asimismo, la directora del Departamento de Evaluaci\u00f3n, Medici\u00f3n y Registro Educacional (DEMRE) de la Universidad de Chile, Leonor Varas, enfatiza en la necesidad de que las y los postulantes se inscriban pronto sus ex\u00e1menes, los que ser\u00e1n rendidos el lunes 28, martes 29 y mi\u00e9rcoles 30 de noviembre de 2022. \u201cNo dejen este importante tr\u00e1mite para \u00faltima hora. Real\u00edcenlo con calma, a conciencia, con toda la informaci\u00f3n a mano, pues no se podr\u00e1 agregar pruebas con posterioridad a la inscripci\u00f3n. No olviden, por ejemplo, verificar qu\u00e9 pruebas electivas solicitan las carreras de su inter\u00e9s o si estas est\u00e1n entre las 476 carreras que piden como requisito rendir Competencia Matem\u00e1tica 2 (M2). Y si a\u00fan no han decidido a qu\u00e9 carreras postular\u00e1n, entonces inscriban M2 que no tendr\u00e1 ning\u00fan costo para quienes inscriban M1\u201d.<\/p>\n<p>La PAES podr\u00e1 ser rendida por personas egresadas de Ense\u00f1anza Media y quienes est\u00e9n cursando actualmente 4\u00b0 medio. Tambi\u00e9n podr\u00e1n darla quienes hayan realizado sus estudios en el exterior, ya sean chilenos o extranjeros, y cuenten con el reconocimiento de dichos estudios en el pa\u00eds.<\/p>\n<p>La inscripci\u00f3n se realiza \u00fanicamente ingresando a acceso.mineduc.cl y completando todos los pasos hasta obtener la Tarjeta de Identificaci\u00f3n, documento que acredita la validez de este tr\u00e1mite.<\/p>\n<p>Novedades de la PAES<br \/>\nA partir de este Proceso de Admisi\u00f3n, ser\u00e1n aplicadas las cinco Pruebas de Acceso a la Educaci\u00f3n Superior: la PAES obligatoria de Competencia Lectora, la PAES obligatoria de Competencia Matem\u00e1tica 1 (M1), las pruebas electivas de Ciencias y de Historia y Ciencias Sociales, adem\u00e1s de la PAES de Competencia Matem\u00e1tica 2 (M2).<\/p>\n<p>Esta \u00faltima ser\u00e1 requisito para postular a 476 carreras que demandan un uso intensivo de las matem\u00e1ticas (en este v\u00ednculo puedes saber qu\u00e9 universidades y carreras la solicitan).<br \/>\nEs importante recordar que los estudiantes que est\u00e1n cursando 4\u00b0 medio deben rendir las dos pruebas obligatorias (PAES de Competencia Lectora y PAES de Competencia Matem\u00e1tica 1) y al menos una de las electivas. Adem\u00e1s de la PAES de Competencia Matem\u00e1tica 2, si es el caso. Para ellos, la inscripci\u00f3n tendr\u00e1 un valor \u00fanico de $ 36.590.<\/p>\n<p>Sin embargo, existe la Beca PAES, que exime del pago de arancel a los estudiantes que actualmente est\u00e9n matriculados en establecimientos municipales, de Servicios Locales de Educaci\u00f3n, particulares subvencionados y de administraci\u00f3n delegada. Este beneficio tambi\u00e9n est\u00e1 disponible para un grupo de estudiantes de colegios particulares pagados que pertenecen al 60% m\u00e1s vulnerable, seg\u00fan la calificaci\u00f3n socioecon\u00f3mica del Registro Social de Hogares.<\/p>\n<p>En tanto, los egresados de Ense\u00f1anza Media que ya rindieron la Prueba de Transici\u00f3n (PDT) de diciembre 2021 o la reci\u00e9n pasada PDT de invierno podr\u00e1n elegir cu\u00e1l o cu\u00e1les pruebas quieren rendir. En este caso, el valor de la inscripci\u00f3n depender\u00e1 de cu\u00e1ntas pruebas inscriban: una ($ 13.800), dos ($ 25.195) o tres pruebas o m\u00e1s ($ 36.590).<\/p>\n<p>Fechas importantes<\/p>\n<p>La rendici\u00f3n de la PAES ser\u00e1 el lunes 28, martes 29 y mi\u00e9rcoles 30 de noviembre. Los puntajes de los ex\u00e1menes ser\u00e1n entregados el martes 3 de enero de 2023 y ese mismo d\u00eda se iniciar\u00e1 la etapa de postulaci\u00f3n centralizada, que se extender\u00e1 hasta el viernes 6 del mismo mes.<\/p>\n<p>Los resultados del Proceso de Selecci\u00f3n se dar\u00e1n a conocer el martes 17 de enero, y la primera etapa de matr\u00edculas se efectuar\u00e1 entre el mi\u00e9rcoles 18 y el viernes 20 del mismo mes. Al d\u00eda siguiente, se abrir\u00e1 el segundo proceso de matr\u00edculas, el que se extender\u00e1 hasta al viernes 27 de enero de 2023.<\/p>\n","protected":false},"excerpt":{"rendered":"<p>Hasta el 10 de agosto, a las 13:00 horas, estar\u00e1 habilitada la inscripci\u00f3n a la nueva Prueba de Acceso a la Educaci\u00f3n Superior (PAES) en la plataforma web acceso.mineduc.cl. Este proceso, iniciado el mi\u00e9rcoles 29 de junio, no tendr\u00e1 un per\u00edodo extraordinario de inscripci\u00f3n. Por lo tanto, es importante que<\/p>\n","protected":false},"author":1,"featured_media":1277,"comment_status":"closed","ping_status":"open","sticky":false,"template":"","format":"standard","meta":{"footnotes":""},"categories":[40],"tags":[],"class_list":["post-1276","post","type-post","status-publish","format-standard","has-post-thumbnail","hentry","category-secreduc_iv"],"_links":{"self":[{"href":"https:\/\/minutaregional.cl\/index.php?rest_route=\/wp\/v2\/posts\/1276","targetHints":{"allow":["GET"]}}],"collection":[{"href":"https:\/\/minutaregional.cl\/index.php?rest_route=\/wp\/v2\/posts"}],"about":[{"href":"https:\/\/minutaregional.cl\/index.php?rest_route=\/wp\/v2\/types\/post"}],"author":[{"embeddable":true,"href":"https:\/\/minutaregional.cl\/index.php?rest_route=\/wp\/v2\/users\/1"}],"replies":[{"embeddable":true,"href":"https:\/\/minutaregional.cl\/index.php?rest_route=%2Fwp%2Fv2%2Fcomments&post=1276"}],"version-history":[{"count":1,"href":"https:\/\/minutaregional.cl\/index.php?rest_route=\/wp\/v2\/posts\/1276\/revisions"}],"predecessor-version":[{"id":1278,"href":"https:\/\/minutaregional.cl\/index.php?rest_route=\/wp\/v2\/posts\/1276\/revisions\/1278"}],"wp:featuredmedia":[{"embeddable":true,"href":"https:\/\/minutaregional.cl\/index.php?rest_route=\/wp\/v2\/media\/1277"}],"wp:attachment":[{"href":"https:\/\/minutaregional.cl\/index.php?rest_route=%2Fwp%2Fv2%2Fmedia&parent=1276"}],"wp:term":[{"taxonomy":"category","embeddable":true,"href":"https:\/\/minutaregional.cl\/index.php?rest_route=%2Fwp%2Fv2%2Fcategories&post=1276"},{"taxonomy":"post_tag","embeddable":true,"href":"https:\/\/minutaregional.cl\/index.php?rest_route=%2Fwp%2Fv2%2Ftags&post=1276"}],"curies":[{"name":"wp","href":"https:\/\/api.w.org\/{rel}","templated":true}]}}