{"id":1273,"date":"2022-08-01T21:42:22","date_gmt":"2022-08-01T21:42:22","guid":{"rendered":"https:\/\/minutaregional.cl\/?p=1273"},"modified":"2022-08-01T21:42:22","modified_gmt":"2022-08-01T21:42:22","slug":"diputado-manouchehri-por-reformas-a-nuevaconstitucion-valoramos-el-llamado-del-presidente-e-instamos-a-apruebo-dignidad-asumarse","status":"publish","type":"post","link":"https:\/\/minutaregional.cl\/?p=1273","title":{"rendered":"Diputado Manouchehri por reformas a NuevaConstituci\u00f3n:   \u201cValoramos el llamado del Presidente e instamos a Apruebo Dignidad Asumarse\u201d"},"content":{"rendered":"<p>El diputado del PS, Daniel Manouchehri, inst\u00f3 a las fuerzas pol\u00edticas del pa\u00eds a trabajar en reformas a la Nueva Constituci\u00f3n. \u201cQueremos valorar profundamente el llamado que ha hecho el Presidente Gabriel Boric a que podamos ponernos de acuerdo en las reformas necesarias a la Constituci\u00f3n, una vez que triunfe el Apruebo. Creemos que este llamado va a en la l\u00ednea correcta, es lo que muchos socialistas hemos planteado\u201d, se\u00f1al\u00f3.<\/p>\n<p>Asimismo, el legislador de la Regi\u00f3n de Coquimbo emplaz\u00f3 \u201ca todas las fuerzas pol\u00edticas, en especial a las fuerzas de Apruebo Dignidad, a que conjuntamente acojamos este llamado que nos ha hecho el Presidente de la Rep\u00fablica para que podamos trabajar las reformas necesarias que tendremos que aplicar a la Nueva Constituci\u00f3n, para de esta manera poder darle certeza a los chilenos que todav\u00eda est\u00e1n con dudas respecto a su votaci\u00f3n\u201d.<\/p>\n<p>\u201cEs momento de salir de la zona de confort de s\u00f3lo los convencidos. Los socialistas acogemos el llamado del Presidente, y esperamos que Apruebo Dignidad haga lo mismo\u201d, reafirm\u00f3 Manouchehri.<\/p>\n<p>&nbsp;<\/p>\n<p>&nbsp;<\/p>\n","protected":false},"excerpt":{"rendered":"<p>El diputado del PS, Daniel Manouchehri, inst\u00f3 a las fuerzas pol\u00edticas del pa\u00eds a trabajar en reformas a la Nueva Constituci\u00f3n. \u201cQueremos valorar profundamente el llamado que ha hecho el Presidente Gabriel Boric a que podamos ponernos de acuerdo en las reformas necesarias a la Constituci\u00f3n, una vez que triunfe<\/p>\n","protected":false},"author":1,"featured_media":1274,"comment_status":"closed","ping_status":"open","sticky":false,"template":"","format":"standard","meta":{"footnotes":""},"categories":[26],"tags":[],"class_list":["post-1273","post","type-post","status-publish","format-standard","has-post-thumbnail","hentry","category-camara-de-diputadas-y-diputados"],"_links":{"self":[{"href":"https:\/\/minutaregional.cl\/index.php?rest_route=\/wp\/v2\/posts\/1273","targetHints":{"allow":["GET"]}}],"collection":[{"href":"https:\/\/minutaregional.cl\/index.php?rest_route=\/wp\/v2\/posts"}],"about":[{"href":"https:\/\/minutaregional.cl\/index.php?rest_route=\/wp\/v2\/types\/post"}],"author":[{"embeddable":true,"href":"https:\/\/minutaregional.cl\/index.php?rest_route=\/wp\/v2\/users\/1"}],"replies":[{"embeddable":true,"href":"https:\/\/minutaregional.cl\/index.php?rest_route=%2Fwp%2Fv2%2Fcomments&post=1273"}],"version-history":[{"count":1,"href":"https:\/\/minutaregional.cl\/index.php?rest_route=\/wp\/v2\/posts\/1273\/revisions"}],"predecessor-version":[{"id":1275,"href":"https:\/\/minutaregional.cl\/index.php?rest_route=\/wp\/v2\/posts\/1273\/revisions\/1275"}],"wp:featuredmedia":[{"embeddable":true,"href":"https:\/\/minutaregional.cl\/index.php?rest_route=\/wp\/v2\/media\/1274"}],"wp:attachment":[{"href":"https:\/\/minutaregional.cl\/index.php?rest_route=%2Fwp%2Fv2%2Fmedia&parent=1273"}],"wp:term":[{"taxonomy":"category","embeddable":true,"href":"https:\/\/minutaregional.cl\/index.php?rest_route=%2Fwp%2Fv2%2Fcategories&post=1273"},{"taxonomy":"post_tag","embeddable":true,"href":"https:\/\/minutaregional.cl\/index.php?rest_route=%2Fwp%2Fv2%2Ftags&post=1273"}],"curies":[{"name":"wp","href":"https:\/\/api.w.org\/{rel}","templated":true}]}}