{"id":1269,"date":"2022-08-01T20:16:27","date_gmt":"2022-08-01T20:16:27","guid":{"rendered":"https:\/\/minutaregional.cl\/?p=1269"},"modified":"2022-08-01T20:16:27","modified_gmt":"2022-08-01T20:16:27","slug":"con-mas-de-1-000-inscritas-comienza-una-nueva-version-de-feriaemprendedoras-cl","status":"publish","type":"post","link":"https:\/\/minutaregional.cl\/?p=1269","title":{"rendered":"CON M\u00c1S DE 1.000 INSCRITAS COMIENZA UNA NUEVA VERSI\u00d3N DE \u201cFERIAEMPRENDEDORAS.CL\u201d"},"content":{"rendered":"<ul type=\"disc\">\n<li class=\"yiv5094387191MsoNoSpacing\"><i>Hasta el 31 de agosto estar\u00e1 disponible esta plataforma digital impulsada por Corfo, ONU Mujeres y ProChile, donde mujeres de todo Chile podr\u00e1n visibilizar y comercializar sus productos o servicios.<\/i><\/li>\n<\/ul>\n<p class=\"yiv5094387191MsoNormal\"><b>Nacional, 01 de agosto 2022.-<\/b>\u00a0M\u00e1s de 1.000 expositoras de todo Chile ser\u00e1n las protagonistas de una nueva versi\u00f3n de\u00a0<a href=\"https:\/\/feriaemprendedoras.cl\" target=\"_blank\" rel=\"nofollow noopener noreferrer\"><b>https:\/\/feriaemprendedoras.cl<\/b><\/a><b>\u00a0,<\/b>\u00a0plataforma\u00a0<a rel=\"nofollow noopener noreferrer\" name=\"_Hlk110249328\"><\/a>digital impulsada por\u00a0<b>Corfo, ONU Mujeres y ProChile,<\/b>\u00a0que permite a emprendedoras exhibir y comercializar sus productos o servicios, y tambi\u00e9n hacer contactos estrat\u00e9gicos, para sumar nuevos mercados y aumentar sus redes comerciales.<\/p>\n<p class=\"yiv5094387191MsoNormal\">\u201cSabemos que la crisis econ\u00f3mica derivada de la pandemia del Covid, por su naturaleza, disminuy\u00f3 a\u00fan m\u00e1s la participaci\u00f3n laboral femenina. Y esta feria tiene justamente el objetivo de impulsar la creaci\u00f3n de redes y asociatividad entre las emprendedoras, fomentando pr\u00e1cticas de comercio justo, en un espacio seguro para que todas puedan seguir desarrollando el importante rol econ\u00f3mico que juegan, no solo para sus familias, sino que tambi\u00e9n para el pa\u00eds\u201d, sostuvo la Subsecretaria de Econom\u00eda, Javiera Petersen, durante la jornada inaugural realizada hoy.<\/p>\n<p class=\"yiv5094387191MsoNormal\">En su segunda versi\u00f3n del a\u00f1o,\u00a0<a rel=\"nofollow noopener noreferrer\" name=\"_Hlk110249268\"><\/a>la plataforma\u00a0<b><a href=\"https:\/\/feriaemprendedoras.cl\/\" target=\"_blank\" rel=\"nofollow noopener noreferrer\">https:\/\/feriaemprendedoras.cl\/<\/a>\u00a0<\/b>estar\u00e1 disponible hasta el\u00a0<b>pr\u00f3ximo 31 de agosto<\/b>\u00a0y entre las expositoras, se destaca la oferta de productos y servicios en los rubros de alimentos, turismo, dise\u00f1o, decoraci\u00f3n, infantil y vestuario.<\/p>\n<p class=\"yiv5094387191MsoNormal\"><b>Talleres y webinars<\/b><\/p>\n<p class=\"yiv5094387191MsoNormal\">Adem\u00e1s de ser una vitrina virtual,\u00a0<a href=\"https:\/\/feriaemprendedoras.cl\/\" target=\"_blank\" rel=\"nofollow noopener noreferrer\">https:\/\/feriaemprendedoras.cl\/<\/a>\u00a0tambi\u00e9n ser\u00e1 un espacio que ofrecer\u00e1 herramientas y orientaciones para todas las mujeres que quieran emprender, o necesiten potenciar sus negocios.<\/p>\n<p class=\"yiv5094387191MsoNormal\">Durante agosto,\u00a0<b>todos los martes y jueves desde las 10.00hrs<\/b>, en la plataforma, se realizar\u00e1n distintas actividades de manera gratuita y online -paneles de conversaci\u00f3n, talleres y webinars- para ofrecer asesor\u00edas y espacio de vinculaci\u00f3n\/networking entre las participantes.<\/p>\n<p class=\"yiv5094387191MsoNormal\">Entre ellas se destacan:<\/p>\n<ul type=\"disc\">\n<li class=\"yiv5094387191MsoListParagraphCxSpFirst\">\u201cC\u00f3mo y por qu\u00e9 crear mi empresa: Beneficios y obligaciones\u201d (martes 9\/ago)<\/li>\n<li class=\"yiv5094387191MsoListParagraphCxSpMiddle\">\u201cQu\u00e9 es la microempresa familiar\u201d (jueves 11\/ago)<\/li>\n<li class=\"yiv5094387191MsoListParagraphCxSpMiddle\">\u201cMunicipalidad: qu\u00e9 permisos y patentes necesito\u201d (martes 16\/ago)<\/li>\n<li class=\"yiv5094387191MsoListParagraphCxSpMiddle\">\u201cSeremi de la Salud: Tipos de negocios que necesitan permisos sanitarios\u201d (jueves 18\/ago)<\/li>\n<li class=\"yiv5094387191MsoListParagraphCxSpMiddle\">\u201cBancoEstado: Bancarizaci\u00f3n y productos para emprendedoras\u201d (martes 23\/ago)<\/li>\n<li class=\"yiv5094387191MsoListParagraphCxSpLast\">\u201cINAPI: C\u00f3mo inscribir mi marca\u201d (jueves 25\/ago).<\/li>\n<\/ul>\n<p class=\"yiv5094387191MsoNormal\">En el link\u00a0<a href=\"https:\/\/feriaemprendedoras.cl\/programacion\/\" target=\"_blank\" rel=\"nofollow noopener noreferrer\">https:\/\/feriaemprendedoras.cl\/programacion\/<\/a>\u00a0se pueden acceder al detalle de todas estas actividades.<\/p>\n<p class=\"yiv5094387191MsoNormal\">\n","protected":false},"excerpt":{"rendered":"<p>Hasta el 31 de agosto estar\u00e1 disponible esta plataforma digital impulsada por Corfo, ONU Mujeres y ProChile, donde mujeres de todo Chile podr\u00e1n visibilizar y comercializar sus productos o servicios. Nacional, 01 de agosto 2022.-\u00a0M\u00e1s de 1.000 expositoras de todo Chile ser\u00e1n las protagonistas de una nueva versi\u00f3n de\u00a0https:\/\/feriaemprendedoras.cl\u00a0,\u00a0plataforma\u00a0digital impulsada<\/p>\n","protected":false},"author":1,"featured_media":1270,"comment_status":"closed","ping_status":"open","sticky":false,"template":"","format":"standard","meta":{"footnotes":""},"categories":[20],"tags":[],"class_list":["post-1269","post","type-post","status-publish","format-standard","has-post-thumbnail","hentry","category-corfo"],"_links":{"self":[{"href":"https:\/\/minutaregional.cl\/index.php?rest_route=\/wp\/v2\/posts\/1269","targetHints":{"allow":["GET"]}}],"collection":[{"href":"https:\/\/minutaregional.cl\/index.php?rest_route=\/wp\/v2\/posts"}],"about":[{"href":"https:\/\/minutaregional.cl\/index.php?rest_route=\/wp\/v2\/types\/post"}],"author":[{"embeddable":true,"href":"https:\/\/minutaregional.cl\/index.php?rest_route=\/wp\/v2\/users\/1"}],"replies":[{"embeddable":true,"href":"https:\/\/minutaregional.cl\/index.php?rest_route=%2Fwp%2Fv2%2Fcomments&post=1269"}],"version-history":[{"count":1,"href":"https:\/\/minutaregional.cl\/index.php?rest_route=\/wp\/v2\/posts\/1269\/revisions"}],"predecessor-version":[{"id":1271,"href":"https:\/\/minutaregional.cl\/index.php?rest_route=\/wp\/v2\/posts\/1269\/revisions\/1271"}],"wp:featuredmedia":[{"embeddable":true,"href":"https:\/\/minutaregional.cl\/index.php?rest_route=\/wp\/v2\/media\/1270"}],"wp:attachment":[{"href":"https:\/\/minutaregional.cl\/index.php?rest_route=%2Fwp%2Fv2%2Fmedia&parent=1269"}],"wp:term":[{"taxonomy":"category","embeddable":true,"href":"https:\/\/minutaregional.cl\/index.php?rest_route=%2Fwp%2Fv2%2Fcategories&post=1269"},{"taxonomy":"post_tag","embeddable":true,"href":"https:\/\/minutaregional.cl\/index.php?rest_route=%2Fwp%2Fv2%2Ftags&post=1269"}],"curies":[{"name":"wp","href":"https:\/\/api.w.org\/{rel}","templated":true}]}}