{"id":1258,"date":"2022-08-01T19:34:17","date_gmt":"2022-08-01T19:34:17","guid":{"rendered":"https:\/\/minutaregional.cl\/?p=1258"},"modified":"2022-08-01T19:37:44","modified_gmt":"2022-08-01T19:37:44","slug":"piden-a-la-moneda-asegurar-transporte-publico-gratuito-para-el-plebiscito","status":"publish","type":"post","link":"https:\/\/minutaregional.cl\/?p=1258","title":{"rendered":"PIDEN A LA MONEDA ASEGURAR TRANSPORTE P\u00daBLICO GRATUITO PARA EL PLEBISCITO"},"content":{"rendered":"<audio class=\"wp-audio-shortcode\" id=\"audio-1258-1\" preload=\"none\" style=\"width: 100%;\" controls=\"controls\"><source type=\"audio\/mpeg\" src=\"https:\/\/minutaregional.cl\/wp-content\/uploads\/2022\/08\/Senador-Nunez-transporte-publico-plebiscito-.m4a?_=1\" \/><a href=\"https:\/\/minutaregional.cl\/wp-content\/uploads\/2022\/08\/Senador-Nunez-transporte-publico-plebiscito-.m4a\">https:\/\/minutaregional.cl\/wp-content\/uploads\/2022\/08\/Senador-Nunez-transporte-publico-plebiscito-.m4a<\/a><\/audio>\n<p>AUDIO : SENADOR NU\u00d1EZ<\/p>\n<audio class=\"wp-audio-shortcode\" id=\"audio-1258-2\" preload=\"none\" style=\"width: 100%;\" controls=\"controls\"><source type=\"audio\/mpeg\" src=\"https:\/\/minutaregional.cl\/wp-content\/uploads\/2022\/08\/DIPUTADA-SERRANO-TRANSPORTE-GRATIS-PLEBISCITO.m4a?_=2\" \/><a href=\"https:\/\/minutaregional.cl\/wp-content\/uploads\/2022\/08\/DIPUTADA-SERRANO-TRANSPORTE-GRATIS-PLEBISCITO.m4a\">https:\/\/minutaregional.cl\/wp-content\/uploads\/2022\/08\/DIPUTADA-SERRANO-TRANSPORTE-GRATIS-PLEBISCITO.m4a<\/a><\/audio>\n<p>AUDIO : DIPUTADA SERRANO<\/p>\n<audio class=\"wp-audio-shortcode\" id=\"audio-1258-3\" preload=\"none\" style=\"width: 100%;\" controls=\"controls\"><source type=\"audio\/mpeg\" src=\"https:\/\/minutaregional.cl\/wp-content\/uploads\/2022\/08\/DIPUTADO-CUELLO-TRANSPORTE-GRATIS-PLEBISCITO.m4a?_=3\" \/><a href=\"https:\/\/minutaregional.cl\/wp-content\/uploads\/2022\/08\/DIPUTADO-CUELLO-TRANSPORTE-GRATIS-PLEBISCITO.m4a\">https:\/\/minutaregional.cl\/wp-content\/uploads\/2022\/08\/DIPUTADO-CUELLO-TRANSPORTE-GRATIS-PLEBISCITO.m4a<\/a><\/audio>\n<p>AUDIO : DIPUTADO CUELLO<\/p>\n<p>Santiago, 1 de agosto de 2022.\u00a0Con el objetivo de lograr que el Gobierno asegure transporte p\u00fablico gratuito para el plebiscito del 4 de septiembre, un grupo de parlamentarios del Partido Comunista lleg\u00f3 hasta La Moneda para entregar una carta al Presidente Gabriel Boric en la que detallan la importancia de la hist\u00f3rica solicitud.<\/p>\n<p style=\"text-align: justify;\">En la misiva argumentan que la petici\u00f3n se sustenta en fortalecer una alta participaci\u00f3n ciudadana, ya que el voto ser\u00e1 obligatorio y para mitigar un gasto extra a las familias que sufren por el alza en el costo de la vida.<\/p>\n<p style=\"text-align: justify;\">Luis Cuello, diputado por la Regi\u00f3n de Valpara\u00edso, manifest\u00f3 que \u201chemos entregado una carta dirigida al Presidente Gabriel Boric porque nos preocupa que en este plebiscito hist\u00f3rico pueda dar la mayor participaci\u00f3n posible de parte de la ciudadan\u00eda. Y creo que hoy d\u00eda, donde el voto es obligatorio, esto significa que surge una obligaci\u00f3n para el Estado que tiene que ver con generar las condiciones necesarias para que el pueblo chileno pueda participar y votar.\u00a0 Es por eso que hoy estamos pidiendo al Presidente que, por medio de una asignaci\u00f3n, permita asegurar transporte p\u00fablico gratuito durante el d\u00eda del plebiscito\u201d.<\/p>\n<p style=\"text-align: justify;\">Seg\u00fan el senador Daniel N\u00fa\u00f1ez, la solicitud al Jefe de Estado se fundamenta en el mal servicio ofrecido por el transporte p\u00fablico en anteriores elecciones, donde mucha gente no pudo ejercer su derecho por la ausencia de locomoci\u00f3n colectiva.<\/p>\n<p style=\"text-align: justify;\">\u201cYo quiero decirlo con todas sus letras: En las \u00faltimas dos elecciones en la regi\u00f3n de Coquimbo no hubo transporte p\u00fablico y mucha gente sali\u00f3 a tomar la micro para ir a su recinto de votaci\u00f3n y despu\u00e9s tuvo que devolverse porque la micro, simplemente despu\u00e9s de una hora, una hora y media esperando, simplemente no pas\u00f3. Nosotros queremos que se garantice ese derecho con que el transporte p\u00fablico funcione, pero que adem\u00e1s sea gratuito para que efectivamente la gente que no tiene recursos, que con la inflaci\u00f3n y con todos los problemas econ\u00f3micos que est\u00e1 viviendo el pa\u00eds incurre en un gasto, tengan la posibilidad de ejercer este derecho sin incurrir en m\u00e1s gastos\u201d, remarc\u00f3 N\u00fa\u00f1ez.<\/p>\n<p style=\"text-align: justify;\">En esa misma l\u00ednea, la diputada por el distrito 12, Daniela Serrano, reforz\u00f3 que el mal servicio de transporte p\u00fablico en las \u00faltimas votaciones tambi\u00e9n ocurri\u00f3 en varias comunas de la Regi\u00f3n Metropolitana.<\/p>\n<p style=\"text-align: justify;\">\u201cTenemos nuestras observaciones en cuanto c\u00f3mo se comport\u00f3 el transporte p\u00fablico en las \u00faltimas elecciones. Es importante resguardar la participaci\u00f3n en las comunas rurales, sin olvidar lo que se produjo en el Gran Santiago, sobre todo en las comunas vulnerables como Puente Alto y La Pintana, que me toca representar, donde las micros no dieron abasto y no se cumpli\u00f3 el est\u00e1ndar para tan importante votaci\u00f3n\u201d, asegur\u00f3 Serrano.<\/p>\n<p>&nbsp;<\/p>\n<p>&nbsp;<\/p>\n","protected":false},"excerpt":{"rendered":"<p>AUDIO : SENADOR NU\u00d1EZ AUDIO : DIPUTADA SERRANO AUDIO : DIPUTADO CUELLO Santiago, 1 de agosto de 2022.\u00a0Con el objetivo de lograr que el Gobierno asegure transporte p\u00fablico gratuito para el plebiscito del 4 de septiembre, un grupo de parlamentarios del Partido Comunista lleg\u00f3 hasta La Moneda para entregar una<\/p>\n","protected":false},"author":1,"featured_media":1259,"comment_status":"closed","ping_status":"open","sticky":false,"template":"","format":"standard","meta":{"footnotes":""},"categories":[26,1],"tags":[],"class_list":["post-1258","post","type-post","status-publish","format-standard","has-post-thumbnail","hentry","category-camara-de-diputadas-y-diputados","category-noticias-regionales"],"_links":{"self":[{"href":"https:\/\/minutaregional.cl\/index.php?rest_route=\/wp\/v2\/posts\/1258","targetHints":{"allow":["GET"]}}],"collection":[{"href":"https:\/\/minutaregional.cl\/index.php?rest_route=\/wp\/v2\/posts"}],"about":[{"href":"https:\/\/minutaregional.cl\/index.php?rest_route=\/wp\/v2\/types\/post"}],"author":[{"embeddable":true,"href":"https:\/\/minutaregional.cl\/index.php?rest_route=\/wp\/v2\/users\/1"}],"replies":[{"embeddable":true,"href":"https:\/\/minutaregional.cl\/index.php?rest_route=%2Fwp%2Fv2%2Fcomments&post=1258"}],"version-history":[{"count":3,"href":"https:\/\/minutaregional.cl\/index.php?rest_route=\/wp\/v2\/posts\/1258\/revisions"}],"predecessor-version":[{"id":1266,"href":"https:\/\/minutaregional.cl\/index.php?rest_route=\/wp\/v2\/posts\/1258\/revisions\/1266"}],"wp:featuredmedia":[{"embeddable":true,"href":"https:\/\/minutaregional.cl\/index.php?rest_route=\/wp\/v2\/media\/1259"}],"wp:attachment":[{"href":"https:\/\/minutaregional.cl\/index.php?rest_route=%2Fwp%2Fv2%2Fmedia&parent=1258"}],"wp:term":[{"taxonomy":"category","embeddable":true,"href":"https:\/\/minutaregional.cl\/index.php?rest_route=%2Fwp%2Fv2%2Fcategories&post=1258"},{"taxonomy":"post_tag","embeddable":true,"href":"https:\/\/minutaregional.cl\/index.php?rest_route=%2Fwp%2Fv2%2Ftags&post=1258"}],"curies":[{"name":"wp","href":"https:\/\/api.w.org\/{rel}","templated":true}]}}