{"id":1251,"date":"2022-07-30T23:12:07","date_gmt":"2022-07-30T23:12:07","guid":{"rendered":"https:\/\/minutaregional.cl\/?p=1251"},"modified":"2022-07-30T23:12:57","modified_gmt":"2022-07-30T23:12:57","slug":"retornan-las-competencias-de-la-natacion-escolar","status":"publish","type":"post","link":"https:\/\/minutaregional.cl\/?p=1251","title":{"rendered":"Retornan las Competencias de la Nataci\u00f3n Escolar"},"content":{"rendered":"<div>\n<p class=\"yiv3408741476MsoNormal\" style=\"text-align: justify;\"><b><i>Durante el mes de agosto y septiembre se definir\u00e1 a la selecci\u00f3n que representar\u00e1 a la regi\u00f3n en las finales nacionales que organiza el MINDEP-IND. .<\/i><\/b><\/p>\n<p class=\"yiv3408741476MsoNormal\" style=\"text-align: justify;\">Este pr\u00f3ximo s\u00e1bado 30 de julio, se disputar\u00e1 el \u00a0regional de nataci\u00f3n de los Juegos Deportivos Escolares, categor\u00eda Sub 14, con la participaci\u00f3n de deportistas locales y de la regi\u00f3n de Atacama. A partir de las 9.00 horas se iniciar\u00e1n las pruebas en la Piscina Temperada del Cendyr La Serena.<\/p>\n<p class=\"yiv3408741476MsoNormal\" style=\"text-align: justify;\">En esta competencia participar\u00e1n por la regi\u00f3n \u00a0de Coquimbo, representantes de 19 establecimientos educacionales, tales como: Golden Hind School, Colegio San Lucas, Francis School, Germ\u00e1n Riesco, Mar\u00eda de Andacollo, Colegio el Alba Pe\u00f1uelas, Trinity School, Amazing English School, The International School, Colegio Ger\u00f3nimo Rendic, H\u00e9roes de la Concepci\u00f3n, Colegio Amalia Err\u00e1zuriz de Ovalle, San Gabriel Arc\u00e1ngel, Scuola Italiana, Liceo T\u00e9cnico Marta Brunet, Colegio Santa Mar\u00eda Bel\u00e9n, Sagrados Corazones, Escuela Industrial Salesiana San Ram\u00f3n y \u00a0Colegio Ingl\u00e9s Cat\u00f3lico.<\/p>\n<p class=\"yiv3408741476MsoNormal\" style=\"text-align: justify;\">Los j\u00f3venes competir\u00e1n en las pruebas de: 50 mts. Mariposa, 100 mts. Espalda, 50 mts. Pecho, 100 mts. Libre, 200 mts. Combinados, 50 mts. Libre, 100 mts. Pecho, 50 mts. Espalda, 100 mts. Mariposa y 400 mts. Libre, todas las pruebas donde competir\u00e1n damas y varones.<\/p>\n<p class=\"yiv3408741476MsoNormal\" style=\"text-align: justify;\">El Seremi del Deporte, Fernando Medina, sobre el evento se\u00f1al\u00f3:\u00a0<b><i>\u201dcon la competencia de la nataci\u00f3n, damos inicio a las finales regionales de los Juegos Deportivos escolares, que durante dos a\u00f1os, se encontraban suspendidos, debido a la emergencia sanitaria, y esto sin duda, reactiva la actividad f\u00edsica a nivel escolar\u201d.<\/i><\/b><\/p>\n<p class=\"yiv3408741476MsoNormal\" style=\"text-align: justify;\">Por su parte, el Director Regional del Instituto Nacional de Deportes, Jonathan Pino, agreg\u00f3:\u00a0<b><i>\u201cen las pr\u00f3ximas semanas tambi\u00e9n las otras disciplinas, buscar\u00e1n a los seleccionados que nos representar\u00e1n en las distintas finales nacionales que se organizan a lo largo del pa\u00eds. Estamos muy contentos por el retorno de las competencias, que sin duda, \u00a0es un incentivo para los \u00a0j\u00f3venes deportistas\u201d.<\/i><\/b><\/p>\n<p class=\"yiv3408741476MsoNormal\" style=\"text-align: justify;\">Quienes resulten ganadores y cumplan con las marcas m\u00ednimas exigidas por las bases administrativas, ser\u00e1n los representantes regionales de la final nacional de los Juegos Deportivos Escolares a disputarse en Santiago en fecha a confirmar.<\/p>\n<\/div>\n","protected":false},"excerpt":{"rendered":"<p>Durante el mes de agosto y septiembre se definir\u00e1 a la selecci\u00f3n que representar\u00e1 a la regi\u00f3n en las finales nacionales que organiza el MINDEP-IND. . Este pr\u00f3ximo s\u00e1bado 30 de julio, se disputar\u00e1 el \u00a0regional de nataci\u00f3n de los Juegos Deportivos Escolares, categor\u00eda Sub 14, con la participaci\u00f3n de<\/p>\n","protected":false},"author":1,"featured_media":1253,"comment_status":"closed","ping_status":"open","sticky":false,"template":"","format":"standard","meta":{"footnotes":""},"categories":[37],"tags":[],"class_list":["post-1251","post","type-post","status-publish","format-standard","has-post-thumbnail","hentry","category-ind-coquimbo"],"_links":{"self":[{"href":"https:\/\/minutaregional.cl\/index.php?rest_route=\/wp\/v2\/posts\/1251","targetHints":{"allow":["GET"]}}],"collection":[{"href":"https:\/\/minutaregional.cl\/index.php?rest_route=\/wp\/v2\/posts"}],"about":[{"href":"https:\/\/minutaregional.cl\/index.php?rest_route=\/wp\/v2\/types\/post"}],"author":[{"embeddable":true,"href":"https:\/\/minutaregional.cl\/index.php?rest_route=\/wp\/v2\/users\/1"}],"replies":[{"embeddable":true,"href":"https:\/\/minutaregional.cl\/index.php?rest_route=%2Fwp%2Fv2%2Fcomments&post=1251"}],"version-history":[{"count":1,"href":"https:\/\/minutaregional.cl\/index.php?rest_route=\/wp\/v2\/posts\/1251\/revisions"}],"predecessor-version":[{"id":1252,"href":"https:\/\/minutaregional.cl\/index.php?rest_route=\/wp\/v2\/posts\/1251\/revisions\/1252"}],"wp:featuredmedia":[{"embeddable":true,"href":"https:\/\/minutaregional.cl\/index.php?rest_route=\/wp\/v2\/media\/1253"}],"wp:attachment":[{"href":"https:\/\/minutaregional.cl\/index.php?rest_route=%2Fwp%2Fv2%2Fmedia&parent=1251"}],"wp:term":[{"taxonomy":"category","embeddable":true,"href":"https:\/\/minutaregional.cl\/index.php?rest_route=%2Fwp%2Fv2%2Fcategories&post=1251"},{"taxonomy":"post_tag","embeddable":true,"href":"https:\/\/minutaregional.cl\/index.php?rest_route=%2Fwp%2Fv2%2Ftags&post=1251"}],"curies":[{"name":"wp","href":"https:\/\/api.w.org\/{rel}","templated":true}]}}