{"id":1248,"date":"2022-07-30T23:09:23","date_gmt":"2022-07-30T23:09:23","guid":{"rendered":"https:\/\/minutaregional.cl\/?p=1248"},"modified":"2022-07-30T23:09:23","modified_gmt":"2022-07-30T23:09:23","slug":"aguas-del-valle-beneficia-a-mas-de-200-hogares-con-renovacion-de-red-de-aguas-servidas-en-ovalle","status":"publish","type":"post","link":"https:\/\/minutaregional.cl\/?p=1248","title":{"rendered":"Aguas del Valle beneficia a m\u00e1s de 200 hogares con renovaci\u00f3n de red de aguas servidas en Ovalle"},"content":{"rendered":"<ul>\n<li style=\"text-align: justify;\">Las obras tienen una inversi\u00f3n que supera los $ 134 millones y considera el refuerzo de 146 metros de la red de alcantarillado.<\/li>\n<\/ul>\n<p style=\"text-align: justify;\"><strong>Ovalle, Julio de 2022.<\/strong> Aguas del Valle est\u00e1 desarrollando obras de renovaci\u00f3n de redes de aguas servidas en calle Alonso de Ercilla en la comuna de Ovalle. Los trabajos, que benefician a 212 hogares y tienen una inversi\u00f3n superior a los $ 134 millones, se extender\u00e1n hasta el 25 de septiembre.<\/p>\n<p style=\"text-align: justify;\">El subgerente zonal de Aguas del Valle, Alejandro Salazar, detall\u00f3 que \u201cestamos de forma permanente renovando y reforzando nuestras redes de alcantarillado con el objetivo de optimizar nuestro servicio e ir minimizando los riesgos de obstrucciones y afloramientos de aguas servidas\u201d.<\/p>\n<p style=\"text-align: justify;\">En esta ocasi\u00f3n, se trata de la renovaci\u00f3n de 146 metros lineales de la red de alcantarillado que se realizar\u00e1 en dos tramos. El primero en la acera sur de calle Alonso de Ercilla, entre Tucapel y calle Sin Nombre, bajo modalidad de cracking. Y un segundo tramo en la calzada oriente de calle Tucapel, entre David Perry y Alonso de Ercilla, modalidad zanja abierta.<\/p>\n<p style=\"text-align: justify;\">Ambas obras consideran el cierre de la calzada completa y la implementaci\u00f3n de un plan de desv\u00edos de tr\u00e1nsito, lo que estar\u00e1 debidamente se\u00f1alizado para la seguridad de transe\u00fantes y conductores.<\/p>\n<p style=\"text-align: justify;\">La informaci\u00f3n en detalle de los trabajos y sus beneficios fue comunicada a los vecinos del sector a trav\u00e9s de un puerta a puerta. Adem\u00e1s, se realizaron las coordinaciones con las autoridades pertinentes y la comunidad.<\/p>\n<p style=\"text-align: justify;\">Aguas del Valle recuerda que el Fono Servicio 600 400 4444 y tambi\u00e9n la cuenta de Twitter @AguasdelValle est\u00e1n a disposici\u00f3n para atender consultas.<\/p>\n<p style=\"text-align: justify;\">\n","protected":false},"excerpt":{"rendered":"<p>Las obras tienen una inversi\u00f3n que supera los $ 134 millones y considera el refuerzo de 146 metros de la red de alcantarillado. Ovalle, Julio de 2022. Aguas del Valle est\u00e1 desarrollando obras de renovaci\u00f3n de redes de aguas servidas en calle Alonso de Ercilla en la comuna de Ovalle.<\/p>\n","protected":false},"author":1,"featured_media":1249,"comment_status":"closed","ping_status":"open","sticky":false,"template":"","format":"standard","meta":{"footnotes":""},"categories":[45],"tags":[],"class_list":["post-1248","post","type-post","status-publish","format-standard","has-post-thumbnail","hentry","category-aguas-del-valle"],"_links":{"self":[{"href":"https:\/\/minutaregional.cl\/index.php?rest_route=\/wp\/v2\/posts\/1248","targetHints":{"allow":["GET"]}}],"collection":[{"href":"https:\/\/minutaregional.cl\/index.php?rest_route=\/wp\/v2\/posts"}],"about":[{"href":"https:\/\/minutaregional.cl\/index.php?rest_route=\/wp\/v2\/types\/post"}],"author":[{"embeddable":true,"href":"https:\/\/minutaregional.cl\/index.php?rest_route=\/wp\/v2\/users\/1"}],"replies":[{"embeddable":true,"href":"https:\/\/minutaregional.cl\/index.php?rest_route=%2Fwp%2Fv2%2Fcomments&post=1248"}],"version-history":[{"count":1,"href":"https:\/\/minutaregional.cl\/index.php?rest_route=\/wp\/v2\/posts\/1248\/revisions"}],"predecessor-version":[{"id":1250,"href":"https:\/\/minutaregional.cl\/index.php?rest_route=\/wp\/v2\/posts\/1248\/revisions\/1250"}],"wp:featuredmedia":[{"embeddable":true,"href":"https:\/\/minutaregional.cl\/index.php?rest_route=\/wp\/v2\/media\/1249"}],"wp:attachment":[{"href":"https:\/\/minutaregional.cl\/index.php?rest_route=%2Fwp%2Fv2%2Fmedia&parent=1248"}],"wp:term":[{"taxonomy":"category","embeddable":true,"href":"https:\/\/minutaregional.cl\/index.php?rest_route=%2Fwp%2Fv2%2Fcategories&post=1248"},{"taxonomy":"post_tag","embeddable":true,"href":"https:\/\/minutaregional.cl\/index.php?rest_route=%2Fwp%2Fv2%2Ftags&post=1248"}],"curies":[{"name":"wp","href":"https:\/\/api.w.org\/{rel}","templated":true}]}}